{"id":5510,"date":"2026-09-04T13:36:47","date_gmt":"2026-09-04T12:36:47","guid":{"rendered":"https:\/\/www.webeev.fr\/top\/?p=5510"},"modified":"2026-09-04T13:37:32","modified_gmt":"2026-09-04T12:37:32","slug":"pourquoi-devriez-vous-envisager-une-reconversion-professionnelle-dans-lecologie","status":"publish","type":"post","link":"https:\/\/www.webeev.fr\/top\/pourquoi-devriez-vous-envisager-une-reconversion-professionnelle-dans-lecologie\/","title":{"rendered":"Pourquoi devriez-vous envisager une reconversion professionnelle dans l&rsquo;\u00e9cologie ?"},"content":{"rendered":"<p>Les incendies d&rsquo;ao\u00fbt en Gironde et les multiples vagues de chaleur n&rsquo;ont laiss\u00e9 personne indiff\u00e9rent : le <strong>r\u00e9chauffement climatique<\/strong> est devenu une r\u00e9alit\u00e9. Le point positif, c&rsquo;est que l&rsquo;on commence \u00e0 prendre conscience des <strong>enjeux \u00e9cologiques<\/strong> que cela repr\u00e9sente. Mais plut\u00f4t que de rester passif, pourquoi ne pas vous lancer dans une <strong>reconversion professionnelle<\/strong> afin de jouer un r\u00f4le dans la transition \u00e9cologique ?<\/p>\n<h2>Les avantages d&rsquo;une reconversion dans un m\u00e9tier de l&rsquo;environnement<\/h2>\n<p>Vous n&rsquo;\u00eates pas le seul \u00e0 d\u00e9sirer que les choses changent concernant l&rsquo;\u00e9cologie, encore faut-il trouver un m\u00e9tier qui corresponde \u00e0 vos attentes. Le premier \u00e9l\u00e9ment \u00e0 avoir en t\u00eate est que <strong>le secteur est porteur<\/strong> avec des <strong>domaines vari\u00e9s<\/strong> comme l&rsquo;\u00e9nergie, le b\u00e2timent, la biodiversit\u00e9, la gestion des d\u00e9chets\u2026 Quelle que soit votre pr\u00e9f\u00e9rence, vous devriez donc <strong>trouver du sens<\/strong> \u00e0 votre travail.<\/p>\n<p>De plus, les m\u00e9tiers de l&rsquo;environnement en eux-m\u00eames sont <strong>nombreux <\/strong>et concernent <strong>tous les niveaux d&rsquo;\u00e9tude<\/strong>. Vous avez ainsi la possibilit\u00e9 de devenir responsable RSE, consultant en r\u00e9glementation ou encore ing\u00e9nieur environnement. Enfin, sachez que les <strong>perspectives d&rsquo;\u00e9volution<\/strong> sont aussi int\u00e9ressantes puisque les entreprises sont \u00e0 la recherche de profils capables de piloter efficacement leur strat\u00e9gie environnementale.<\/p>\n<h2>Nos conseils pour r\u00e9ussir votre reconversion<\/h2>\n<h3>Suivre une formation dipl\u00f4mante qui a du poids<\/h3>\n<p>Si vous \u00eates en pleine reconversion, il vaut mieux se tourner vers une <strong>formation reconnue<\/strong> pour \u00eatre certain de d\u00e9nicher rapidement un nouvel emploi. Aujourd&rsquo;hui, il existe des \u00e9coles sp\u00e9cialis\u00e9es dans l&rsquo;environnement qui proposent justement des <strong>cursus adapt\u00e9s<\/strong> \u00e0 ce type de profil.\u00a0<\/p>\n<p>On peut entre autres citer <a href=\"https:\/\/institut-superieur-environnement.com\/nos-formations\/mastere-environnement\/\">les masteres sur les m\u00e9tiers de l&rsquo;environnement de l&rsquo;ISE<\/a> qui sont accessibles apr\u00e8s une licence ou un bachelor (niveau Bac+3). Comme ils sont aussi propos\u00e9s<strong> en alternance<\/strong>, vous aurez en plus une <strong>exp\u00e9rience de terrain<\/strong>, ce qui est rassurant pour les recruteurs.<\/p>\n<p>Autrement, pour les salari\u00e9s d\u00e9j\u00e0 en poste, la <strong>validation des acquis de l&rsquo;exp\u00e9rience (VAE)<\/strong> reste envisageable.\u00a0<\/p>\n<h3>Effectuer un bilan de comp\u00e9tences si vous n&rsquo;\u00eates pas s\u00fbr de vous<\/h3>\n<p>Le <a href=\"https:\/\/www.francetravail.fr\/candidat\/votre-projet-professionnel\/evaluer-vos-competences\/le-bilan-de-competences.html\">bilan de comp\u00e9tences<\/a> est surtout utile pour les personnes qui ont <strong>du mal \u00e0 se situer <\/strong>sur le march\u00e9 du travail. C&rsquo;est selon nous la meilleure fa\u00e7on de faire le point et <strong>d&rsquo;identifier les comp\u00e9tences<\/strong> que vous pourrez transf\u00e9rer vers un des m\u00e9tiers de l&rsquo;environnement. Bien s\u00fbr, si vous avez d\u00e9j\u00e0 un poste pr\u00e9cis en t\u00eate, vous n&rsquo;\u00eates pas oblig\u00e9 de passer par l\u00e0, m\u00eame si cela peut \u00eatre toujours utile pour <strong>renforcer sa confiance en soi<\/strong> !<\/p>\n<h3>Ne pas h\u00e9siter \u00e0 consulter des ressources fiables<\/h3>\n<p>Une erreur courante lors d&rsquo;une reconversion professionnelle est d&rsquo;<strong>id\u00e9aliser le m\u00e9tier <\/strong>que l&rsquo;on vise. Malheureusement, la r\u00e9alit\u00e9 n&rsquo;est pas toujours tr\u00e8s rose, d&rsquo;autant plus que le secteur de la transition \u00e9cologique a tendance \u00e0 <strong>\u00e9voluer tr\u00e8s rapidement<\/strong>. Ce qui signifie que les ing\u00e9nieurs environnement en 2030 n&rsquo;auront probablement pas les m\u00eames t\u00e2ches \u00e0 effectuer qu&rsquo;actuellement.<\/p>\n<p>De fait, nous ne pouvons que vous conseiller de vous <strong>informer sur les tendances du march\u00e9<\/strong> afin d&rsquo;affiner votre projet. Vous pouvez notamment <strong>consulter l&rsquo;ADEME<\/strong> qui publie r\u00e9guli\u00e8rement des articles sur le sujet.<\/p>\n","protected":false},"excerpt":{"rendered":"<p>Les incendies d&rsquo;ao\u00fbt en Gironde et les multiples vagues de chaleur n&rsquo;ont laiss\u00e9 personne indiff\u00e9rent : le r\u00e9chauffement climatique est devenu une r\u00e9alit\u00e9. Le point positif, c&rsquo;est que l&rsquo;on commence \u00e0 prendre conscience des enjeux \u00e9cologiques que cela repr\u00e9sente. Mais plut\u00f4t que de rester passif, pourquoi ne pas vous lancer dans une reconversion professionnelle afin [&hellip;]<\/p>\n","protected":false},"author":1,"featured_media":5512,"comment_status":"open","ping_status":"open","sticky":false,"template":"","format":"standard","meta":[],"categories":[115],"tags":[],"yoast_head":"<!-- This site is optimized with the Yoast SEO plugin v20.4 - https:\/\/yoast.com\/wordpress\/plugins\/seo\/ -->\n<title>Pourquoi devriez-vous envisager une reconversion professionnelle dans l&#039;\u00e9cologie ?<\/title>\n<meta name=\"robots\" content=\"index, follow, max-snippet:-1, max-image-preview:large, max-video-preview:-1\" \/>\n<link rel=\"canonical\" href=\"https:\/\/www.webeev.fr\/top\/pourquoi-devriez-vous-envisager-une-reconversion-professionnelle-dans-lecologie\/\" \/>\n<meta property=\"og:locale\" content=\"fr_FR\" \/>\n<meta property=\"og:type\" content=\"article\" \/>\n<meta property=\"og:title\" content=\"Pourquoi devriez-vous envisager une reconversion professionnelle dans l&#039;\u00e9cologie ?\" \/>\n<meta property=\"og:description\" content=\"Les incendies d&rsquo;ao\u00fbt en Gironde et les multiples vagues de chaleur n&rsquo;ont laiss\u00e9 personne indiff\u00e9rent : le r\u00e9chauffement climatique est devenu une r\u00e9alit\u00e9. Le point positif, c&rsquo;est que l&rsquo;on commence \u00e0 prendre conscience des enjeux \u00e9cologiques que cela repr\u00e9sente. Mais plut\u00f4t que de rester passif, pourquoi ne pas vous lancer dans une reconversion professionnelle afin [&hellip;]\" \/>\n<meta property=\"og:url\" content=\"https:\/\/www.webeev.fr\/top\/pourquoi-devriez-vous-envisager-une-reconversion-professionnelle-dans-lecologie\/\" \/>\n<meta property=\"og:site_name\" content=\"Le Top Webeev\" \/>\n<meta property=\"article:publisher\" content=\"https:\/\/www.facebook.com\/webeevfr\/\" \/>\n<meta property=\"article:author\" content=\"https:\/\/www.facebook.com\/profile.php?id=100004873097895\" \/>\n<meta property=\"article:published_time\" content=\"2026-09-04T12:36:47+00:00\" \/>\n<meta property=\"article:modified_time\" content=\"2026-09-04T12:37:32+00:00\" \/>\n<meta property=\"og:image\" content=\"https:\/\/www.webeev.fr\/top\/wp-content\/uploads\/2026\/09\/pourquoi-devriez-vous-envisager-une-reconversion-professionnelle-dans-lecologie.jpg\" \/>\n\t<meta property=\"og:image:width\" content=\"1280\" \/>\n\t<meta property=\"og:image:height\" content=\"720\" \/>\n\t<meta property=\"og:image:type\" content=\"image\/jpeg\" \/>\n<meta name=\"author\" content=\"Aur\u00e9lien\" \/>\n<meta name=\"twitter:card\" content=\"summary_large_image\" \/>\n<meta name=\"twitter:creator\" content=\"@https:\/\/twitter.com\/AurelienSacaze\" \/>\n<meta name=\"twitter:site\" content=\"@webeevfr\" \/>\n<meta name=\"twitter:label1\" content=\"\u00c9crit par\" \/>\n\t<meta name=\"twitter:data1\" content=\"Aur\u00e9lien\" \/>\n\t<meta name=\"twitter:label2\" content=\"Dur\u00e9e de lecture estim\u00e9e\" \/>\n\t<meta name=\"twitter:data2\" content=\"3 minutes\" \/>\n<script type=\"application\/ld+json\" class=\"yoast-schema-graph\">{\"@context\":\"https:\/\/schema.org\",\"@graph\":[{\"@type\":\"WebPage\",\"@id\":\"https:\/\/www.webeev.fr\/top\/pourquoi-devriez-vous-envisager-une-reconversion-professionnelle-dans-lecologie\/\",\"url\":\"https:\/\/www.webeev.fr\/top\/pourquoi-devriez-vous-envisager-une-reconversion-professionnelle-dans-lecologie\/\",\"name\":\"Pourquoi devriez-vous envisager une reconversion professionnelle dans l'\u00e9cologie ?\",\"isPartOf\":{\"@id\":\"https:\/\/www.webeev.fr\/top\/#website\"},\"datePublished\":\"2026-09-04T12:36:47+00:00\",\"dateModified\":\"2026-09-04T12:37:32+00:00\",\"author\":{\"@id\":\"https:\/\/www.webeev.fr\/top\/#\/schema\/person\/b4da2dc82bd9bf7885fcb1dd2b16b267\"},\"breadcrumb\":{\"@id\":\"https:\/\/www.webeev.fr\/top\/pourquoi-devriez-vous-envisager-une-reconversion-professionnelle-dans-lecologie\/#breadcrumb\"},\"inLanguage\":\"fr-FR\",\"potentialAction\":[{\"@type\":\"ReadAction\",\"target\":[\"https:\/\/www.webeev.fr\/top\/pourquoi-devriez-vous-envisager-une-reconversion-professionnelle-dans-lecologie\/\"]}]},{\"@type\":\"BreadcrumbList\",\"@id\":\"https:\/\/www.webeev.fr\/top\/pourquoi-devriez-vous-envisager-une-reconversion-professionnelle-dans-lecologie\/#breadcrumb\",\"itemListElement\":[{\"@type\":\"ListItem\",\"position\":1,\"name\":\"Accueil\",\"item\":\"https:\/\/www.webeev.fr\/top\/\"},{\"@type\":\"ListItem\",\"position\":2,\"name\":\"Pourquoi devriez-vous envisager une reconversion professionnelle dans l&rsquo;\u00e9cologie ?\"}]},{\"@type\":\"WebSite\",\"@id\":\"https:\/\/www.webeev.fr\/top\/#website\",\"url\":\"https:\/\/www.webeev.fr\/top\/\",\"name\":\"Le Top Webeev\",\"description\":\"Classement des meilleurs sites\",\"potentialAction\":[{\"@type\":\"SearchAction\",\"target\":{\"@type\":\"EntryPoint\",\"urlTemplate\":\"https:\/\/www.webeev.fr\/top\/?s={search_term_string}\"},\"query-input\":\"required name=search_term_string\"}],\"inLanguage\":\"fr-FR\"},{\"@type\":\"Person\",\"@id\":\"https:\/\/www.webeev.fr\/top\/#\/schema\/person\/b4da2dc82bd9bf7885fcb1dd2b16b267\",\"name\":\"Aur\u00e9lien\",\"image\":{\"@type\":\"ImageObject\",\"inLanguage\":\"fr-FR\",\"@id\":\"https:\/\/www.webeev.fr\/top\/#\/schema\/person\/image\/\",\"url\":\"https:\/\/secure.gravatar.com\/avatar\/fa744d2636fc27a05e0af5e42f8f490a?s=96&d=mm&r=g\",\"contentUrl\":\"https:\/\/secure.gravatar.com\/avatar\/fa744d2636fc27a05e0af5e42f8f490a?s=96&d=mm&r=g\",\"caption\":\"Aur\u00e9lien\"},\"description\":\"Passionn\u00e9 par le web et \u00e9diteur de sites, je vous pr\u00e9sente Webeev, un portail qui r\u00e9alise le classement des sites selon les avis clients. Ici cette partie blog traite plus en d\u00e9tail diff\u00e9rents sujets et l'actualit\u00e9 Tech &amp; web.\",\"sameAs\":[\"https:\/\/www.webeev.fr\/\",\"https:\/\/www.facebook.com\/profile.php?id=100004873097895\",\"https:\/\/www.linkedin.com\/in\/aurlien-sacaze-b6468684\",\"https:\/\/twitter.com\/https:\/\/twitter.com\/AurelienSacaze\"],\"url\":\"https:\/\/www.webeev.fr\/top\/author\/webeev\/\"}]}<\/script>\n<!-- \/ Yoast SEO plugin. -->","yoast_head_json":{"title":"Pourquoi devriez-vous envisager une reconversion professionnelle dans l'\u00e9cologie ?","robots":{"index":"index","follow":"follow","max-snippet":"max-snippet:-1","max-image-preview":"max-image-preview:large","max-video-preview":"max-video-preview:-1"},"canonical":"https:\/\/www.webeev.fr\/top\/pourquoi-devriez-vous-envisager-une-reconversion-professionnelle-dans-lecologie\/","og_locale":"fr_FR","og_type":"article","og_title":"Pourquoi devriez-vous envisager une reconversion professionnelle dans l'\u00e9cologie ?","og_description":"Les incendies d&rsquo;ao\u00fbt en Gironde et les multiples vagues de chaleur n&rsquo;ont laiss\u00e9 personne indiff\u00e9rent : le r\u00e9chauffement climatique est devenu une r\u00e9alit\u00e9. Le point positif, c&rsquo;est que l&rsquo;on commence \u00e0 prendre conscience des enjeux \u00e9cologiques que cela repr\u00e9sente. Mais plut\u00f4t que de rester passif, pourquoi ne pas vous lancer dans une reconversion professionnelle afin [&hellip;]","og_url":"https:\/\/www.webeev.fr\/top\/pourquoi-devriez-vous-envisager-une-reconversion-professionnelle-dans-lecologie\/","og_site_name":"Le Top Webeev","article_publisher":"https:\/\/www.facebook.com\/webeevfr\/","article_author":"https:\/\/www.facebook.com\/profile.php?id=100004873097895","article_published_time":"2026-09-04T12:36:47+00:00","article_modified_time":"2026-09-04T12:37:32+00:00","og_image":[{"width":1280,"height":720,"url":"https:\/\/www.webeev.fr\/top\/wp-content\/uploads\/2026\/09\/pourquoi-devriez-vous-envisager-une-reconversion-professionnelle-dans-lecologie.jpg","type":"image\/jpeg"}],"author":"Aur\u00e9lien","twitter_card":"summary_large_image","twitter_creator":"@https:\/\/twitter.com\/AurelienSacaze","twitter_site":"@webeevfr","twitter_misc":{"\u00c9crit par":"Aur\u00e9lien","Dur\u00e9e de lecture estim\u00e9e":"3 minutes"},"schema":{"@context":"https:\/\/schema.org","@graph":[{"@type":"WebPage","@id":"https:\/\/www.webeev.fr\/top\/pourquoi-devriez-vous-envisager-une-reconversion-professionnelle-dans-lecologie\/","url":"https:\/\/www.webeev.fr\/top\/pourquoi-devriez-vous-envisager-une-reconversion-professionnelle-dans-lecologie\/","name":"Pourquoi devriez-vous envisager une reconversion professionnelle dans l'\u00e9cologie ?","isPartOf":{"@id":"https:\/\/www.webeev.fr\/top\/#website"},"datePublished":"2026-09-04T12:36:47+00:00","dateModified":"2026-09-04T12:37:32+00:00","author":{"@id":"https:\/\/www.webeev.fr\/top\/#\/schema\/person\/b4da2dc82bd9bf7885fcb1dd2b16b267"},"breadcrumb":{"@id":"https:\/\/www.webeev.fr\/top\/pourquoi-devriez-vous-envisager-une-reconversion-professionnelle-dans-lecologie\/#breadcrumb"},"inLanguage":"fr-FR","potentialAction":[{"@type":"ReadAction","target":["https:\/\/www.webeev.fr\/top\/pourquoi-devriez-vous-envisager-une-reconversion-professionnelle-dans-lecologie\/"]}]},{"@type":"BreadcrumbList","@id":"https:\/\/www.webeev.fr\/top\/pourquoi-devriez-vous-envisager-une-reconversion-professionnelle-dans-lecologie\/#breadcrumb","itemListElement":[{"@type":"ListItem","position":1,"name":"Accueil","item":"https:\/\/www.webeev.fr\/top\/"},{"@type":"ListItem","position":2,"name":"Pourquoi devriez-vous envisager une reconversion professionnelle dans l&rsquo;\u00e9cologie ?"}]},{"@type":"WebSite","@id":"https:\/\/www.webeev.fr\/top\/#website","url":"https:\/\/www.webeev.fr\/top\/","name":"Le Top Webeev","description":"Classement des meilleurs sites","potentialAction":[{"@type":"SearchAction","target":{"@type":"EntryPoint","urlTemplate":"https:\/\/www.webeev.fr\/top\/?s={search_term_string}"},"query-input":"required name=search_term_string"}],"inLanguage":"fr-FR"},{"@type":"Person","@id":"https:\/\/www.webeev.fr\/top\/#\/schema\/person\/b4da2dc82bd9bf7885fcb1dd2b16b267","name":"Aur\u00e9lien","image":{"@type":"ImageObject","inLanguage":"fr-FR","@id":"https:\/\/www.webeev.fr\/top\/#\/schema\/person\/image\/","url":"https:\/\/secure.gravatar.com\/avatar\/fa744d2636fc27a05e0af5e42f8f490a?s=96&d=mm&r=g","contentUrl":"https:\/\/secure.gravatar.com\/avatar\/fa744d2636fc27a05e0af5e42f8f490a?s=96&d=mm&r=g","caption":"Aur\u00e9lien"},"description":"Passionn\u00e9 par le web et \u00e9diteur de sites, je vous pr\u00e9sente Webeev, un portail qui r\u00e9alise le classement des sites selon les avis clients. Ici cette partie blog traite plus en d\u00e9tail diff\u00e9rents sujets et l'actualit\u00e9 Tech &amp; web.","sameAs":["https:\/\/www.webeev.fr\/","https:\/\/www.facebook.com\/profile.php?id=100004873097895","https:\/\/www.linkedin.com\/in\/aurlien-sacaze-b6468684","https:\/\/twitter.com\/https:\/\/twitter.com\/AurelienSacaze"],"url":"https:\/\/www.webeev.fr\/top\/author\/webeev\/"}]}},"_links":{"self":[{"href":"https:\/\/www.webeev.fr\/top\/wp-json\/wp\/v2\/posts\/5510"}],"collection":[{"href":"https:\/\/www.webeev.fr\/top\/wp-json\/wp\/v2\/posts"}],"about":[{"href":"https:\/\/www.webeev.fr\/top\/wp-json\/wp\/v2\/types\/post"}],"author":[{"embeddable":true,"href":"https:\/\/www.webeev.fr\/top\/wp-json\/wp\/v2\/users\/1"}],"replies":[{"embeddable":true,"href":"https:\/\/www.webeev.fr\/top\/wp-json\/wp\/v2\/comments?post=5510"}],"version-history":[{"count":2,"href":"https:\/\/www.webeev.fr\/top\/wp-json\/wp\/v2\/posts\/5510\/revisions"}],"predecessor-version":[{"id":5513,"href":"https:\/\/www.webeev.fr\/top\/wp-json\/wp\/v2\/posts\/5510\/revisions\/5513"}],"wp:featuredmedia":[{"embeddable":true,"href":"https:\/\/www.webeev.fr\/top\/wp-json\/wp\/v2\/media\/5512"}],"wp:attachment":[{"href":"https:\/\/www.webeev.fr\/top\/wp-json\/wp\/v2\/media?parent=5510"}],"wp:term":[{"taxonomy":"category","embeddable":true,"href":"https:\/\/www.webeev.fr\/top\/wp-json\/wp\/v2\/categories?post=5510"},{"taxonomy":"post_tag","embeddable":true,"href":"https:\/\/www.webeev.fr\/top\/wp-json\/wp\/v2\/tags?post=5510"}],"curies":[{"name":"wp","href":"https:\/\/api.w.org\/{rel}","templated":true}]}}