{"id":5504,"date":"2026-09-04T13:32:09","date_gmt":"2026-09-04T12:32:09","guid":{"rendered":"https:\/\/www.webeev.fr\/top\/?p=5504"},"modified":"2026-09-04T13:32:09","modified_gmt":"2026-09-04T12:32:09","slug":"maintien-a-domicile-des-personnes-agees-comment-bien-preparer-laccompagnement","status":"publish","type":"post","link":"https:\/\/www.webeev.fr\/top\/maintien-a-domicile-des-personnes-agees-comment-bien-preparer-laccompagnement\/","title":{"rendered":"Maintien \u00e0 domicile des personnes \u00e2g\u00e9es : comment bien pr\u00e9parer l\u2019accompagnement ?"},"content":{"rendered":"<p>Offrir aux <strong>personnes \u00e2g\u00e9es<\/strong> la possibilit\u00e9 de rester chez elles le plus longtemps possible r\u00e9pond \u00e0 un double enjeu, \u00e0 la fois humain et pratique. Le <strong>maintien \u00e0 domicile<\/strong>, s\u2019il est bien pr\u00e9par\u00e9, permet \u00e0 chacun de pr\u00e9server son <strong>autonomie<\/strong> et son cadre de vie. Pr\u00e9parer cette \u00e9tape requiert anticipation, dialogue et adaptation, chaque situation imposant une r\u00e9flexion approfondie pour garantir <strong>s\u00e9curit\u00e9<\/strong>, confort et <strong>bien-\u00eatre<\/strong>.<\/p>\n<h2>Pourquoi anticiper le maintien \u00e0 domicile ?<\/h2>\n<p>L\u2019anticipation est au centre d\u2019un <strong>accompagnement<\/strong> r\u00e9ussi. Pour obtenir des conseils personnalis\u00e9s et un accompagnement adapt\u00e9, il est possible de consulter <a href=\"https:\/\/www.nouschezvous.fr\/\">nouschezvous.fr<\/a>. La perte d&rsquo;<strong>autonomie<\/strong> peut survenir progressivement ou brutalement, entra\u00eenant un besoin d\u2019ajuster rapidement l\u2019organisation quotidienne et l\u2019environnement. Prendre le temps d\u2019analyser la situation en amont \u00e9vite les solutions pr\u00e9cipit\u00e9es qui pourraient \u00eatre inadapt\u00e9es.<\/p>\n<p><strong>\u00c9valuer avec pr\u00e9cision les besoins<\/strong> du senior constitue la premi\u00e8re \u00e9tape cl\u00e9. Il s\u2019agit de recenser ses capacit\u00e9s, ses habitudes, mais aussi ses fragilit\u00e9s, afin d\u2019identifier les risques et de mettre en place les dispositifs adapt\u00e9s. Cette <strong>\u00e9valuation des besoins<\/strong> ne doit pas se limiter \u00e0 la sant\u00e9 physique ; elle englobe \u00e9galement le <strong>bien-\u00eatre psychologique<\/strong>, les liens sociaux et l\u2019<strong>activit\u00e9 physique<\/strong> r\u00e9guli\u00e8re, facteur reconnu du maintien de l\u2019autonomie.<\/p>\n<h2>Quelles adaptations envisager pour s\u00e9curiser le domicile ?<\/h2>\n<p><strong>Adapter le logement<\/strong> vise avant tout \u00e0 pr\u00e9venir les accidents domestiques, qui restent la premi\u00e8re cause d\u2019hospitalisation des plus de 65 ans. La <strong>s\u00e9curisation du domicile<\/strong> passe par des gestes simples, comme retirer les tapis glissants ou am\u00e9liorer l\u2019\u00e9clairage, mais aussi par l\u2019installation d\u2019\u00e9quipements sp\u00e9cifiques selon la mobilit\u00e9 de la personne \u00e2g\u00e9e.<\/p>\n<h3>Am\u00e9lioration de l\u2019accessibilit\u00e9 et \u00e9quipement sp\u00e9cialis\u00e9<\/h3>\n<p>Des modifications cibl\u00e9es garantissent que le senior puisse circuler librement sans risque de chute. On pense notamment \u00e0 la pose de barres d\u2019appui dans la salle de bain, \u00e0 l\u2019\u00e9largissement des passages ou \u00e0 la suppression des marches inutiles. L\u2019investissement dans des outils domotiques, tels qu\u2019une t\u00e9l\u00e9assistance ou des capteurs de mouvement, apporte une couche suppl\u00e9mentaire de s\u00e9curit\u00e9.<\/p>\n<p>Au-del\u00e0 de ces aspects mat\u00e9riels, l\u2019organisation des espaces et le choix des meubles ont un impact direct sur la facilit\u00e9 \u00e0 r\u00e9aliser les gestes du quotidien. Une cuisine ou une salle de bain repens\u00e9e favorise r\u00e9ellement l\u2019<strong>autonomie<\/strong>, tout en r\u00e9duisant les efforts.<\/p>\n<h3>Soutien financier et d\u00e9marches administratives<\/h3>\n<p>Le co\u00fbt de l\u2019<a href=\"https:\/\/www.webeev.fr\/classement\/maison-jardin\">adaptation du logement<\/a> peut constituer un frein, notamment lorsque plusieurs travaux sont n\u00e9cessaires. Il existe pourtant diff\u00e9rentes <strong>aides financi\u00e8res<\/strong> mobilisables, attribu\u00e9es sous conditions de ressources ou de d\u00e9pendance. Ces dispositifs contribuent \u00e0 all\u00e9ger la facture et garantissent un acc\u00e8s \u00e9quitable aux \u00e9quipements essentiels.<\/p>\n<p>Une bonne pr\u00e9paration passe donc aussi par l\u2019information. Se rapprocher des services sociaux locaux ou des organismes sp\u00e9cialis\u00e9s facilite l\u2019identification et la mobilisation rapide de ces soutiens pr\u00e9cieux lors du passage \u00e0 l\u2019action.<\/p>\n<h2>Comment organiser un accompagnement personnalis\u00e9 pour le maintien \u00e0 domicile ?<\/h2>\n<p>La r\u00e9ussite du <a href=\"https:\/\/www.ameli.fr\/assure\/sante\/bons-gestes\/seniors\/maintien-domicile\">maintien \u00e0 domicile<\/a> d\u00e9pend largement de la capacit\u00e9 \u00e0 mettre en place un <strong>accompagnement personnalis\u00e9<\/strong>, structur\u00e9 autour de l\u2019\u00e9coute et de l\u2019implication du senior et de son entourage. Les <strong>services d\u2019aide \u00e0 domicile<\/strong> jouent ici un r\u00f4le moteur, en assurant la continuit\u00e9 des soins, l\u2019assistance pour les activit\u00e9s courantes et un soutien moral au quotidien.<\/p>\n<p>Penser l\u2019accompagnement dans sa globalit\u00e9, c\u2019est aussi encourager le maintien d\u2019une <strong>activit\u00e9 physique<\/strong> adapt\u00e9e, propice au <strong>bien-\u00eatre<\/strong> g\u00e9n\u00e9ral. Impliquer la famille, coordonner les intervenants professionnels et organiser des temps de convivialit\u00e9 renforcent non seulement la s\u00e9curit\u00e9, mais aussi la qualit\u00e9 de vie \u00e0 domicile.<\/p>\n","protected":false},"excerpt":{"rendered":"<p>Offrir aux personnes \u00e2g\u00e9es la possibilit\u00e9 de rester chez elles le plus longtemps possible r\u00e9pond \u00e0 un double enjeu, \u00e0 la fois humain et pratique. Le maintien \u00e0 domicile, s\u2019il est bien pr\u00e9par\u00e9, permet \u00e0 chacun de pr\u00e9server son autonomie et son cadre de vie. Pr\u00e9parer cette \u00e9tape requiert anticipation, dialogue et adaptation, chaque situation [&hellip;]<\/p>\n","protected":false},"author":1,"featured_media":5505,"comment_status":"open","ping_status":"open","sticky":false,"template":"","format":"standard","meta":[],"categories":[150],"tags":[],"yoast_head":"<!-- This site is optimized with the Yoast SEO plugin v20.4 - https:\/\/yoast.com\/wordpress\/plugins\/seo\/ -->\n<title>Maintien \u00e0 domicile des personnes \u00e2g\u00e9es : comment bien pr\u00e9parer l\u2019accompagnement ?<\/title>\n<meta name=\"robots\" content=\"index, follow, max-snippet:-1, max-image-preview:large, max-video-preview:-1\" \/>\n<link rel=\"canonical\" href=\"https:\/\/www.webeev.fr\/top\/maintien-a-domicile-des-personnes-agees-comment-bien-preparer-laccompagnement\/\" \/>\n<meta property=\"og:locale\" content=\"fr_FR\" \/>\n<meta property=\"og:type\" content=\"article\" \/>\n<meta property=\"og:title\" content=\"Maintien \u00e0 domicile des personnes \u00e2g\u00e9es : comment bien pr\u00e9parer l\u2019accompagnement ?\" \/>\n<meta property=\"og:description\" content=\"Offrir aux personnes \u00e2g\u00e9es la possibilit\u00e9 de rester chez elles le plus longtemps possible r\u00e9pond \u00e0 un double enjeu, \u00e0 la fois humain et pratique. Le maintien \u00e0 domicile, s\u2019il est bien pr\u00e9par\u00e9, permet \u00e0 chacun de pr\u00e9server son autonomie et son cadre de vie. Pr\u00e9parer cette \u00e9tape requiert anticipation, dialogue et adaptation, chaque situation [&hellip;]\" \/>\n<meta property=\"og:url\" content=\"https:\/\/www.webeev.fr\/top\/maintien-a-domicile-des-personnes-agees-comment-bien-preparer-laccompagnement\/\" \/>\n<meta property=\"og:site_name\" content=\"Le Top Webeev\" \/>\n<meta property=\"article:publisher\" content=\"https:\/\/www.facebook.com\/webeevfr\/\" \/>\n<meta property=\"article:author\" content=\"https:\/\/www.facebook.com\/profile.php?id=100004873097895\" \/>\n<meta property=\"article:published_time\" content=\"2026-09-04T12:32:09+00:00\" \/>\n<meta property=\"og:image\" content=\"https:\/\/www.webeev.fr\/top\/wp-content\/uploads\/2026\/09\/maintien-a-domicile-des-personnes-agees-comment-bien-preparer-laccompagnement.jpg\" \/>\n\t<meta property=\"og:image:width\" content=\"1280\" \/>\n\t<meta property=\"og:image:height\" content=\"720\" \/>\n\t<meta property=\"og:image:type\" content=\"image\/jpeg\" \/>\n<meta name=\"author\" content=\"Aur\u00e9lien\" \/>\n<meta name=\"twitter:card\" content=\"summary_large_image\" \/>\n<meta name=\"twitter:creator\" content=\"@https:\/\/twitter.com\/AurelienSacaze\" \/>\n<meta name=\"twitter:site\" content=\"@webeevfr\" \/>\n<meta name=\"twitter:label1\" content=\"\u00c9crit par\" \/>\n\t<meta name=\"twitter:data1\" content=\"Aur\u00e9lien\" \/>\n\t<meta name=\"twitter:label2\" content=\"Dur\u00e9e de lecture estim\u00e9e\" \/>\n\t<meta name=\"twitter:data2\" content=\"3 minutes\" \/>\n<script type=\"application\/ld+json\" class=\"yoast-schema-graph\">{\"@context\":\"https:\/\/schema.org\",\"@graph\":[{\"@type\":\"WebPage\",\"@id\":\"https:\/\/www.webeev.fr\/top\/maintien-a-domicile-des-personnes-agees-comment-bien-preparer-laccompagnement\/\",\"url\":\"https:\/\/www.webeev.fr\/top\/maintien-a-domicile-des-personnes-agees-comment-bien-preparer-laccompagnement\/\",\"name\":\"Maintien \u00e0 domicile des personnes \u00e2g\u00e9es : comment bien pr\u00e9parer l\u2019accompagnement ?\",\"isPartOf\":{\"@id\":\"https:\/\/www.webeev.fr\/top\/#website\"},\"datePublished\":\"2026-09-04T12:32:09+00:00\",\"dateModified\":\"2026-09-04T12:32:09+00:00\",\"author\":{\"@id\":\"https:\/\/www.webeev.fr\/top\/#\/schema\/person\/b4da2dc82bd9bf7885fcb1dd2b16b267\"},\"breadcrumb\":{\"@id\":\"https:\/\/www.webeev.fr\/top\/maintien-a-domicile-des-personnes-agees-comment-bien-preparer-laccompagnement\/#breadcrumb\"},\"inLanguage\":\"fr-FR\",\"potentialAction\":[{\"@type\":\"ReadAction\",\"target\":[\"https:\/\/www.webeev.fr\/top\/maintien-a-domicile-des-personnes-agees-comment-bien-preparer-laccompagnement\/\"]}]},{\"@type\":\"BreadcrumbList\",\"@id\":\"https:\/\/www.webeev.fr\/top\/maintien-a-domicile-des-personnes-agees-comment-bien-preparer-laccompagnement\/#breadcrumb\",\"itemListElement\":[{\"@type\":\"ListItem\",\"position\":1,\"name\":\"Accueil\",\"item\":\"https:\/\/www.webeev.fr\/top\/\"},{\"@type\":\"ListItem\",\"position\":2,\"name\":\"Maintien \u00e0 domicile des personnes \u00e2g\u00e9es : comment bien pr\u00e9parer l\u2019accompagnement ?\"}]},{\"@type\":\"WebSite\",\"@id\":\"https:\/\/www.webeev.fr\/top\/#website\",\"url\":\"https:\/\/www.webeev.fr\/top\/\",\"name\":\"Le Top Webeev\",\"description\":\"Classement des meilleurs sites\",\"potentialAction\":[{\"@type\":\"SearchAction\",\"target\":{\"@type\":\"EntryPoint\",\"urlTemplate\":\"https:\/\/www.webeev.fr\/top\/?s={search_term_string}\"},\"query-input\":\"required name=search_term_string\"}],\"inLanguage\":\"fr-FR\"},{\"@type\":\"Person\",\"@id\":\"https:\/\/www.webeev.fr\/top\/#\/schema\/person\/b4da2dc82bd9bf7885fcb1dd2b16b267\",\"name\":\"Aur\u00e9lien\",\"image\":{\"@type\":\"ImageObject\",\"inLanguage\":\"fr-FR\",\"@id\":\"https:\/\/www.webeev.fr\/top\/#\/schema\/person\/image\/\",\"url\":\"https:\/\/secure.gravatar.com\/avatar\/fa744d2636fc27a05e0af5e42f8f490a?s=96&d=mm&r=g\",\"contentUrl\":\"https:\/\/secure.gravatar.com\/avatar\/fa744d2636fc27a05e0af5e42f8f490a?s=96&d=mm&r=g\",\"caption\":\"Aur\u00e9lien\"},\"description\":\"Passionn\u00e9 par le web et \u00e9diteur de sites, je vous pr\u00e9sente Webeev, un portail qui r\u00e9alise le classement des sites selon les avis clients. Ici cette partie blog traite plus en d\u00e9tail diff\u00e9rents sujets et l'actualit\u00e9 Tech &amp; web.\",\"sameAs\":[\"https:\/\/www.webeev.fr\/\",\"https:\/\/www.facebook.com\/profile.php?id=100004873097895\",\"https:\/\/www.linkedin.com\/in\/aurlien-sacaze-b6468684\",\"https:\/\/twitter.com\/https:\/\/twitter.com\/AurelienSacaze\"],\"url\":\"https:\/\/www.webeev.fr\/top\/author\/webeev\/\"}]}<\/script>\n<!-- \/ Yoast SEO plugin. -->","yoast_head_json":{"title":"Maintien \u00e0 domicile des personnes \u00e2g\u00e9es : comment bien pr\u00e9parer l\u2019accompagnement ?","robots":{"index":"index","follow":"follow","max-snippet":"max-snippet:-1","max-image-preview":"max-image-preview:large","max-video-preview":"max-video-preview:-1"},"canonical":"https:\/\/www.webeev.fr\/top\/maintien-a-domicile-des-personnes-agees-comment-bien-preparer-laccompagnement\/","og_locale":"fr_FR","og_type":"article","og_title":"Maintien \u00e0 domicile des personnes \u00e2g\u00e9es : comment bien pr\u00e9parer l\u2019accompagnement ?","og_description":"Offrir aux personnes \u00e2g\u00e9es la possibilit\u00e9 de rester chez elles le plus longtemps possible r\u00e9pond \u00e0 un double enjeu, \u00e0 la fois humain et pratique. Le maintien \u00e0 domicile, s\u2019il est bien pr\u00e9par\u00e9, permet \u00e0 chacun de pr\u00e9server son autonomie et son cadre de vie. Pr\u00e9parer cette \u00e9tape requiert anticipation, dialogue et adaptation, chaque situation [&hellip;]","og_url":"https:\/\/www.webeev.fr\/top\/maintien-a-domicile-des-personnes-agees-comment-bien-preparer-laccompagnement\/","og_site_name":"Le Top Webeev","article_publisher":"https:\/\/www.facebook.com\/webeevfr\/","article_author":"https:\/\/www.facebook.com\/profile.php?id=100004873097895","article_published_time":"2026-09-04T12:32:09+00:00","og_image":[{"width":1280,"height":720,"url":"https:\/\/www.webeev.fr\/top\/wp-content\/uploads\/2026\/09\/maintien-a-domicile-des-personnes-agees-comment-bien-preparer-laccompagnement.jpg","type":"image\/jpeg"}],"author":"Aur\u00e9lien","twitter_card":"summary_large_image","twitter_creator":"@https:\/\/twitter.com\/AurelienSacaze","twitter_site":"@webeevfr","twitter_misc":{"\u00c9crit par":"Aur\u00e9lien","Dur\u00e9e de lecture estim\u00e9e":"3 minutes"},"schema":{"@context":"https:\/\/schema.org","@graph":[{"@type":"WebPage","@id":"https:\/\/www.webeev.fr\/top\/maintien-a-domicile-des-personnes-agees-comment-bien-preparer-laccompagnement\/","url":"https:\/\/www.webeev.fr\/top\/maintien-a-domicile-des-personnes-agees-comment-bien-preparer-laccompagnement\/","name":"Maintien \u00e0 domicile des personnes \u00e2g\u00e9es : comment bien pr\u00e9parer l\u2019accompagnement ?","isPartOf":{"@id":"https:\/\/www.webeev.fr\/top\/#website"},"datePublished":"2026-09-04T12:32:09+00:00","dateModified":"2026-09-04T12:32:09+00:00","author":{"@id":"https:\/\/www.webeev.fr\/top\/#\/schema\/person\/b4da2dc82bd9bf7885fcb1dd2b16b267"},"breadcrumb":{"@id":"https:\/\/www.webeev.fr\/top\/maintien-a-domicile-des-personnes-agees-comment-bien-preparer-laccompagnement\/#breadcrumb"},"inLanguage":"fr-FR","potentialAction":[{"@type":"ReadAction","target":["https:\/\/www.webeev.fr\/top\/maintien-a-domicile-des-personnes-agees-comment-bien-preparer-laccompagnement\/"]}]},{"@type":"BreadcrumbList","@id":"https:\/\/www.webeev.fr\/top\/maintien-a-domicile-des-personnes-agees-comment-bien-preparer-laccompagnement\/#breadcrumb","itemListElement":[{"@type":"ListItem","position":1,"name":"Accueil","item":"https:\/\/www.webeev.fr\/top\/"},{"@type":"ListItem","position":2,"name":"Maintien \u00e0 domicile des personnes \u00e2g\u00e9es : comment bien pr\u00e9parer l\u2019accompagnement ?"}]},{"@type":"WebSite","@id":"https:\/\/www.webeev.fr\/top\/#website","url":"https:\/\/www.webeev.fr\/top\/","name":"Le Top Webeev","description":"Classement des meilleurs sites","potentialAction":[{"@type":"SearchAction","target":{"@type":"EntryPoint","urlTemplate":"https:\/\/www.webeev.fr\/top\/?s={search_term_string}"},"query-input":"required name=search_term_string"}],"inLanguage":"fr-FR"},{"@type":"Person","@id":"https:\/\/www.webeev.fr\/top\/#\/schema\/person\/b4da2dc82bd9bf7885fcb1dd2b16b267","name":"Aur\u00e9lien","image":{"@type":"ImageObject","inLanguage":"fr-FR","@id":"https:\/\/www.webeev.fr\/top\/#\/schema\/person\/image\/","url":"https:\/\/secure.gravatar.com\/avatar\/fa744d2636fc27a05e0af5e42f8f490a?s=96&d=mm&r=g","contentUrl":"https:\/\/secure.gravatar.com\/avatar\/fa744d2636fc27a05e0af5e42f8f490a?s=96&d=mm&r=g","caption":"Aur\u00e9lien"},"description":"Passionn\u00e9 par le web et \u00e9diteur de sites, je vous pr\u00e9sente Webeev, un portail qui r\u00e9alise le classement des sites selon les avis clients. Ici cette partie blog traite plus en d\u00e9tail diff\u00e9rents sujets et l'actualit\u00e9 Tech &amp; web.","sameAs":["https:\/\/www.webeev.fr\/","https:\/\/www.facebook.com\/profile.php?id=100004873097895","https:\/\/www.linkedin.com\/in\/aurlien-sacaze-b6468684","https:\/\/twitter.com\/https:\/\/twitter.com\/AurelienSacaze"],"url":"https:\/\/www.webeev.fr\/top\/author\/webeev\/"}]}},"_links":{"self":[{"href":"https:\/\/www.webeev.fr\/top\/wp-json\/wp\/v2\/posts\/5504"}],"collection":[{"href":"https:\/\/www.webeev.fr\/top\/wp-json\/wp\/v2\/posts"}],"about":[{"href":"https:\/\/www.webeev.fr\/top\/wp-json\/wp\/v2\/types\/post"}],"author":[{"embeddable":true,"href":"https:\/\/www.webeev.fr\/top\/wp-json\/wp\/v2\/users\/1"}],"replies":[{"embeddable":true,"href":"https:\/\/www.webeev.fr\/top\/wp-json\/wp\/v2\/comments?post=5504"}],"version-history":[{"count":1,"href":"https:\/\/www.webeev.fr\/top\/wp-json\/wp\/v2\/posts\/5504\/revisions"}],"predecessor-version":[{"id":5506,"href":"https:\/\/www.webeev.fr\/top\/wp-json\/wp\/v2\/posts\/5504\/revisions\/5506"}],"wp:featuredmedia":[{"embeddable":true,"href":"https:\/\/www.webeev.fr\/top\/wp-json\/wp\/v2\/media\/5505"}],"wp:attachment":[{"href":"https:\/\/www.webeev.fr\/top\/wp-json\/wp\/v2\/media?parent=5504"}],"wp:term":[{"taxonomy":"category","embeddable":true,"href":"https:\/\/www.webeev.fr\/top\/wp-json\/wp\/v2\/categories?post=5504"},{"taxonomy":"post_tag","embeddable":true,"href":"https:\/\/www.webeev.fr\/top\/wp-json\/wp\/v2\/tags?post=5504"}],"curies":[{"name":"wp","href":"https:\/\/api.w.org\/{rel}","templated":true}]}}