{"id":3419,"date":"2019-05-09T11:00:47","date_gmt":"2019-05-09T10:00:47","guid":{"rendered":"https:\/\/www.webeev.fr\/top\/?p=3419"},"modified":"2019-05-09T11:00:47","modified_gmt":"2019-05-09T10:00:47","slug":"classement-destinations-francais-vacances-de-printemps","status":"publish","type":"post","link":"https:\/\/www.webeev.fr\/top\/classement-destinations-francais-vacances-de-printemps\/","title":{"rendered":"Classement des destinations des fran\u00e7ais pour les vacances de Printemps"},"content":{"rendered":"<p>Il reste encore plus d\u2019un moins avant que le printemps ne c\u00e8de sa place \u00e0 l\u2019\u00e9t\u00e9. Si certaines personnes n\u2019ont pas encore profit\u00e9 de leurs vacances, beaucoup l\u2019ont d\u00e9j\u00e0 pass\u00e9 dans un endroit qu\u2019ils ont choisi avec soin. Mais au fait, quelles destinations ont s\u00e9duit les Fran\u00e7ais ce printemps\u2009?<\/p>\n<h2>Vacances de Printemps en Vend\u00e9e<\/h2>\n<p>Lors des vacances de printemps derniers, plusieurs Fran\u00e7ais ont d\u00e9cid\u00e9 d\u2019opter pour une <a href=\"https:\/\/www.interhome.fr\/france\/vendee-pays-de-la-loire\/\">location Vend\u00e9e<\/a>. En effet, d\u00e8s que le printemps a point\u00e9 le bout de son nez, beaucoup de foyers ont choisi de profiter du soleil en Vend\u00e9e vall\u00e9e. Ainsi, les sites touristiques qui ont ouvert leurs portes ce printemps ont le plaisir d\u2019accueillir d\u2019innombrables familles en vacances.<\/p>\n<h2>Vacances des p\u00e2ques 2019 dans la C\u00f4te d\u2019Azur<\/h2>\n<p>Avec ses paysages paradisiaques et ses plages de r\u00eave, la C\u00f4te d\u2019Azur a s\u00e9duit de nombreux Fran\u00e7ais pour les vacances scolaires du printemps. Avec un large panel d\u2019activit\u00e9 et d\u2019attractions diverses, la C\u00f4te d\u2019Azur a \u00e9t\u00e9 l\u2019une des destinations les plus pris\u00e9es des vacanciers en qu\u00eate de soleil et de la brise marine. Des centaines de touristes se promenaient partout dans cette ville aux multiples tr\u00e9sors naturels et architecturaux surtout durant les vacances de P\u00e2ques.<\/p>\n<h2>Vacances printani\u00e8res \u00e0 Val Thorens<\/h2>\n<p>Les adeptes de ski ont rejoint la Val Thorens pour passer leurs vacances scolaires de printemps. Effectivement, il s\u2019agit du moment propice pour arpenter les montagnes enneig\u00e9es de Val Thorens. L\u2019air vivifiant de la montagne, ses paysages enneig\u00e9s \u00e0 couper le souffle, son atmosph\u00e8re illumin\u00e9e par les premiers soleils du printemps sont suffisants pour s\u00e9duire les Fran\u00e7ais et les inciter \u00e0 y passer les vacances.<\/p>\n<h2>Classement des meilleures destinations 2019<\/h2>\n<p><strong>Top 3 des pays<\/strong> o\u00f9 les fran\u00e7ais vont passer leurs vacances pour les vacances de Printemps :<\/p>\n<ol>\n<li>France<\/li>\n<li>Espagne<\/li>\n<li>Italie<\/li>\n<\/ol>\n<p><strong>Top 5 des r\u00e9gions<\/strong> o\u00f9 les fran\u00e7ais vont passer leurs vacances en France pour les vacances de Printemps :<\/p>\n<ol>\n<li>Bretagne<\/li>\n<li>Alpes<\/li>\n<li>C\u00f4te d&rsquo;Azur<\/li>\n<li>Normandie<\/li>\n<li>H\u00e9rault<\/li>\n<\/ol>\n<p><strong>Top 5 des villes<\/strong> o\u00f9 les fran\u00e7ais vont passer leurs vacances en France pour les vacances de Printemps :<\/p>\n<ol>\n<li>Tignes<\/li>\n<li>Val Thorens<\/li>\n<li>Quiberon<\/li>\n<li>Cabourg<\/li>\n<li>Deauville<\/li>\n<\/ol>\n<p>&nbsp;<\/p>\n<p><em>* Ces chiffres concernent uniquement les clients fran\u00e7ais et \u00e0 date du 12\/03\/2019<\/em><\/p>\n","protected":false},"excerpt":{"rendered":"<p>Il reste encore plus d\u2019un moins avant que le printemps ne c\u00e8de sa place \u00e0 l\u2019\u00e9t\u00e9. Si certaines personnes n\u2019ont pas encore profit\u00e9 de leurs vacances, beaucoup l\u2019ont d\u00e9j\u00e0 pass\u00e9 dans un endroit qu\u2019ils ont choisi avec soin. Mais au fait, quelles destinations ont s\u00e9duit les Fran\u00e7ais ce printemps\u2009? Vacances de Printemps en Vend\u00e9e Lors [&hellip;]<\/p>\n","protected":false},"author":1,"featured_media":3420,"comment_status":"open","ping_status":"open","sticky":false,"template":"","format":"standard","meta":[],"categories":[232],"tags":[],"yoast_head":"<!-- This site is optimized with the Yoast SEO plugin v20.4 - https:\/\/yoast.com\/wordpress\/plugins\/seo\/ -->\n<title>Classement des destinations des fran\u00e7ais pour les vacances de Printemps<\/title>\n<meta name=\"robots\" content=\"index, follow, max-snippet:-1, max-image-preview:large, max-video-preview:-1\" \/>\n<link rel=\"canonical\" href=\"https:\/\/www.webeev.fr\/top\/classement-destinations-francais-vacances-de-printemps\/\" \/>\n<meta property=\"og:locale\" content=\"fr_FR\" \/>\n<meta property=\"og:type\" content=\"article\" \/>\n<meta property=\"og:title\" content=\"Classement des destinations des fran\u00e7ais pour les vacances de Printemps\" \/>\n<meta property=\"og:description\" content=\"Il reste encore plus d\u2019un moins avant que le printemps ne c\u00e8de sa place \u00e0 l\u2019\u00e9t\u00e9. Si certaines personnes n\u2019ont pas encore profit\u00e9 de leurs vacances, beaucoup l\u2019ont d\u00e9j\u00e0 pass\u00e9 dans un endroit qu\u2019ils ont choisi avec soin. Mais au fait, quelles destinations ont s\u00e9duit les Fran\u00e7ais ce printemps\u2009? Vacances de Printemps en Vend\u00e9e Lors [&hellip;]\" \/>\n<meta property=\"og:url\" content=\"https:\/\/www.webeev.fr\/top\/classement-destinations-francais-vacances-de-printemps\/\" \/>\n<meta property=\"og:site_name\" content=\"Le Top Webeev\" \/>\n<meta property=\"article:publisher\" content=\"https:\/\/www.facebook.com\/webeevfr\/\" \/>\n<meta property=\"article:author\" content=\"https:\/\/www.facebook.com\/profile.php?id=100004873097895\" \/>\n<meta property=\"article:published_time\" content=\"2019-05-09T10:00:47+00:00\" \/>\n<meta property=\"og:image\" content=\"https:\/\/www.webeev.fr\/top\/wp-content\/uploads\/2019\/05\/vacances-vendee.jpg\" \/>\n\t<meta property=\"og:image:width\" content=\"1366\" \/>\n\t<meta property=\"og:image:height\" content=\"768\" \/>\n\t<meta property=\"og:image:type\" content=\"image\/jpeg\" \/>\n<meta name=\"author\" content=\"Aur\u00e9lien\" \/>\n<meta name=\"twitter:card\" content=\"summary_large_image\" \/>\n<meta name=\"twitter:creator\" content=\"@https:\/\/twitter.com\/AurelienSacaze\" \/>\n<meta name=\"twitter:site\" content=\"@webeevfr\" \/>\n<meta name=\"twitter:label1\" content=\"\u00c9crit par\" \/>\n\t<meta name=\"twitter:data1\" content=\"Aur\u00e9lien\" \/>\n\t<meta name=\"twitter:label2\" content=\"Dur\u00e9e de lecture estim\u00e9e\" \/>\n\t<meta name=\"twitter:data2\" content=\"2 minutes\" \/>\n<script type=\"application\/ld+json\" class=\"yoast-schema-graph\">{\"@context\":\"https:\/\/schema.org\",\"@graph\":[{\"@type\":\"WebPage\",\"@id\":\"https:\/\/www.webeev.fr\/top\/classement-destinations-francais-vacances-de-printemps\/\",\"url\":\"https:\/\/www.webeev.fr\/top\/classement-destinations-francais-vacances-de-printemps\/\",\"name\":\"Classement des destinations des fran\u00e7ais pour les vacances de Printemps\",\"isPartOf\":{\"@id\":\"https:\/\/www.webeev.fr\/top\/#website\"},\"datePublished\":\"2019-05-09T10:00:47+00:00\",\"dateModified\":\"2019-05-09T10:00:47+00:00\",\"author\":{\"@id\":\"https:\/\/www.webeev.fr\/top\/#\/schema\/person\/b4da2dc82bd9bf7885fcb1dd2b16b267\"},\"breadcrumb\":{\"@id\":\"https:\/\/www.webeev.fr\/top\/classement-destinations-francais-vacances-de-printemps\/#breadcrumb\"},\"inLanguage\":\"fr-FR\",\"potentialAction\":[{\"@type\":\"ReadAction\",\"target\":[\"https:\/\/www.webeev.fr\/top\/classement-destinations-francais-vacances-de-printemps\/\"]}]},{\"@type\":\"BreadcrumbList\",\"@id\":\"https:\/\/www.webeev.fr\/top\/classement-destinations-francais-vacances-de-printemps\/#breadcrumb\",\"itemListElement\":[{\"@type\":\"ListItem\",\"position\":1,\"name\":\"Accueil\",\"item\":\"https:\/\/www.webeev.fr\/top\/\"},{\"@type\":\"ListItem\",\"position\":2,\"name\":\"Classement des destinations des fran\u00e7ais pour les vacances de Printemps\"}]},{\"@type\":\"WebSite\",\"@id\":\"https:\/\/www.webeev.fr\/top\/#website\",\"url\":\"https:\/\/www.webeev.fr\/top\/\",\"name\":\"Le Top Webeev\",\"description\":\"Classement des meilleurs sites\",\"potentialAction\":[{\"@type\":\"SearchAction\",\"target\":{\"@type\":\"EntryPoint\",\"urlTemplate\":\"https:\/\/www.webeev.fr\/top\/?s={search_term_string}\"},\"query-input\":\"required name=search_term_string\"}],\"inLanguage\":\"fr-FR\"},{\"@type\":\"Person\",\"@id\":\"https:\/\/www.webeev.fr\/top\/#\/schema\/person\/b4da2dc82bd9bf7885fcb1dd2b16b267\",\"name\":\"Aur\u00e9lien\",\"image\":{\"@type\":\"ImageObject\",\"inLanguage\":\"fr-FR\",\"@id\":\"https:\/\/www.webeev.fr\/top\/#\/schema\/person\/image\/\",\"url\":\"https:\/\/secure.gravatar.com\/avatar\/fa744d2636fc27a05e0af5e42f8f490a?s=96&d=mm&r=g\",\"contentUrl\":\"https:\/\/secure.gravatar.com\/avatar\/fa744d2636fc27a05e0af5e42f8f490a?s=96&d=mm&r=g\",\"caption\":\"Aur\u00e9lien\"},\"description\":\"Passionn\u00e9 par le web et \u00e9diteur de sites, je vous pr\u00e9sente Webeev, un portail qui r\u00e9alise le classement des sites selon les avis clients. Ici cette partie blog traite plus en d\u00e9tail diff\u00e9rents sujets et l'actualit\u00e9 Tech &amp; web.\",\"sameAs\":[\"https:\/\/www.webeev.fr\/\",\"https:\/\/www.facebook.com\/profile.php?id=100004873097895\",\"https:\/\/www.linkedin.com\/in\/aurlien-sacaze-b6468684\",\"https:\/\/twitter.com\/https:\/\/twitter.com\/AurelienSacaze\"],\"url\":\"https:\/\/www.webeev.fr\/top\/author\/webeev\/\"}]}<\/script>\n<!-- \/ Yoast SEO plugin. -->","yoast_head_json":{"title":"Classement des destinations des fran\u00e7ais pour les vacances de Printemps","robots":{"index":"index","follow":"follow","max-snippet":"max-snippet:-1","max-image-preview":"max-image-preview:large","max-video-preview":"max-video-preview:-1"},"canonical":"https:\/\/www.webeev.fr\/top\/classement-destinations-francais-vacances-de-printemps\/","og_locale":"fr_FR","og_type":"article","og_title":"Classement des destinations des fran\u00e7ais pour les vacances de Printemps","og_description":"Il reste encore plus d\u2019un moins avant que le printemps ne c\u00e8de sa place \u00e0 l\u2019\u00e9t\u00e9. Si certaines personnes n\u2019ont pas encore profit\u00e9 de leurs vacances, beaucoup l\u2019ont d\u00e9j\u00e0 pass\u00e9 dans un endroit qu\u2019ils ont choisi avec soin. Mais au fait, quelles destinations ont s\u00e9duit les Fran\u00e7ais ce printemps\u2009? Vacances de Printemps en Vend\u00e9e Lors [&hellip;]","og_url":"https:\/\/www.webeev.fr\/top\/classement-destinations-francais-vacances-de-printemps\/","og_site_name":"Le Top Webeev","article_publisher":"https:\/\/www.facebook.com\/webeevfr\/","article_author":"https:\/\/www.facebook.com\/profile.php?id=100004873097895","article_published_time":"2019-05-09T10:00:47+00:00","og_image":[{"width":1366,"height":768,"url":"https:\/\/www.webeev.fr\/top\/wp-content\/uploads\/2019\/05\/vacances-vendee.jpg","type":"image\/jpeg"}],"author":"Aur\u00e9lien","twitter_card":"summary_large_image","twitter_creator":"@https:\/\/twitter.com\/AurelienSacaze","twitter_site":"@webeevfr","twitter_misc":{"\u00c9crit par":"Aur\u00e9lien","Dur\u00e9e de lecture estim\u00e9e":"2 minutes"},"schema":{"@context":"https:\/\/schema.org","@graph":[{"@type":"WebPage","@id":"https:\/\/www.webeev.fr\/top\/classement-destinations-francais-vacances-de-printemps\/","url":"https:\/\/www.webeev.fr\/top\/classement-destinations-francais-vacances-de-printemps\/","name":"Classement des destinations des fran\u00e7ais pour les vacances de Printemps","isPartOf":{"@id":"https:\/\/www.webeev.fr\/top\/#website"},"datePublished":"2019-05-09T10:00:47+00:00","dateModified":"2019-05-09T10:00:47+00:00","author":{"@id":"https:\/\/www.webeev.fr\/top\/#\/schema\/person\/b4da2dc82bd9bf7885fcb1dd2b16b267"},"breadcrumb":{"@id":"https:\/\/www.webeev.fr\/top\/classement-destinations-francais-vacances-de-printemps\/#breadcrumb"},"inLanguage":"fr-FR","potentialAction":[{"@type":"ReadAction","target":["https:\/\/www.webeev.fr\/top\/classement-destinations-francais-vacances-de-printemps\/"]}]},{"@type":"BreadcrumbList","@id":"https:\/\/www.webeev.fr\/top\/classement-destinations-francais-vacances-de-printemps\/#breadcrumb","itemListElement":[{"@type":"ListItem","position":1,"name":"Accueil","item":"https:\/\/www.webeev.fr\/top\/"},{"@type":"ListItem","position":2,"name":"Classement des destinations des fran\u00e7ais pour les vacances de Printemps"}]},{"@type":"WebSite","@id":"https:\/\/www.webeev.fr\/top\/#website","url":"https:\/\/www.webeev.fr\/top\/","name":"Le Top Webeev","description":"Classement des meilleurs sites","potentialAction":[{"@type":"SearchAction","target":{"@type":"EntryPoint","urlTemplate":"https:\/\/www.webeev.fr\/top\/?s={search_term_string}"},"query-input":"required name=search_term_string"}],"inLanguage":"fr-FR"},{"@type":"Person","@id":"https:\/\/www.webeev.fr\/top\/#\/schema\/person\/b4da2dc82bd9bf7885fcb1dd2b16b267","name":"Aur\u00e9lien","image":{"@type":"ImageObject","inLanguage":"fr-FR","@id":"https:\/\/www.webeev.fr\/top\/#\/schema\/person\/image\/","url":"https:\/\/secure.gravatar.com\/avatar\/fa744d2636fc27a05e0af5e42f8f490a?s=96&d=mm&r=g","contentUrl":"https:\/\/secure.gravatar.com\/avatar\/fa744d2636fc27a05e0af5e42f8f490a?s=96&d=mm&r=g","caption":"Aur\u00e9lien"},"description":"Passionn\u00e9 par le web et \u00e9diteur de sites, je vous pr\u00e9sente Webeev, un portail qui r\u00e9alise le classement des sites selon les avis clients. Ici cette partie blog traite plus en d\u00e9tail diff\u00e9rents sujets et l'actualit\u00e9 Tech &amp; web.","sameAs":["https:\/\/www.webeev.fr\/","https:\/\/www.facebook.com\/profile.php?id=100004873097895","https:\/\/www.linkedin.com\/in\/aurlien-sacaze-b6468684","https:\/\/twitter.com\/https:\/\/twitter.com\/AurelienSacaze"],"url":"https:\/\/www.webeev.fr\/top\/author\/webeev\/"}]}},"_links":{"self":[{"href":"https:\/\/www.webeev.fr\/top\/wp-json\/wp\/v2\/posts\/3419"}],"collection":[{"href":"https:\/\/www.webeev.fr\/top\/wp-json\/wp\/v2\/posts"}],"about":[{"href":"https:\/\/www.webeev.fr\/top\/wp-json\/wp\/v2\/types\/post"}],"author":[{"embeddable":true,"href":"https:\/\/www.webeev.fr\/top\/wp-json\/wp\/v2\/users\/1"}],"replies":[{"embeddable":true,"href":"https:\/\/www.webeev.fr\/top\/wp-json\/wp\/v2\/comments?post=3419"}],"version-history":[{"count":1,"href":"https:\/\/www.webeev.fr\/top\/wp-json\/wp\/v2\/posts\/3419\/revisions"}],"predecessor-version":[{"id":3421,"href":"https:\/\/www.webeev.fr\/top\/wp-json\/wp\/v2\/posts\/3419\/revisions\/3421"}],"wp:featuredmedia":[{"embeddable":true,"href":"https:\/\/www.webeev.fr\/top\/wp-json\/wp\/v2\/media\/3420"}],"wp:attachment":[{"href":"https:\/\/www.webeev.fr\/top\/wp-json\/wp\/v2\/media?parent=3419"}],"wp:term":[{"taxonomy":"category","embeddable":true,"href":"https:\/\/www.webeev.fr\/top\/wp-json\/wp\/v2\/categories?post=3419"},{"taxonomy":"post_tag","embeddable":true,"href":"https:\/\/www.webeev.fr\/top\/wp-json\/wp\/v2\/tags?post=3419"}],"curies":[{"name":"wp","href":"https:\/\/api.w.org\/{rel}","templated":true}]}}