{"id":3158,"date":"2018-02-21T10:09:18","date_gmt":"2018-02-21T09:09:18","guid":{"rendered":"https:\/\/www.webeev.fr\/top\/?p=3158"},"modified":"2018-02-21T10:09:18","modified_gmt":"2018-02-21T09:09:18","slug":"date-soldes-dete-2018","status":"publish","type":"post","link":"https:\/\/www.webeev.fr\/top\/date-soldes-dete-2018\/","title":{"rendered":"Date des soldes d&rsquo;\u00e9t\u00e9 2018"},"content":{"rendered":"<p>Depuis toujours, la France est consid\u00e9r\u00e9e comme le centre de la mode pour la raison que toutes les grandes marques s\u2019y trouvent. Pour satisfaire les amateurs de promos et de r\u00e9ductions, des soldes y sont organis\u00e9s en hiver et en \u00e9t\u00e9.<\/p>\n<p>Les soldes d&rsquo;\u00e9t\u00e9 2018 demeurent depuis longtemps la p\u00e9riode la plus attendue par les passionn\u00e9es de la mode \u00e0 prix r\u00e9duits et promotionnels. Ces soldes sont avant tout une occasion r\u00eav\u00e9e pour refaire sa garde-robe et pour s\u2019offrir les pi\u00e8ces de mode d\u00e9sir\u00e9es depuis longtemps. Durant ces braderies, vous pourrez vous procurer de multiples petites robes d\u2019\u00e9t\u00e9, des sandales plates, des accessoires assortis\u2026 rien de mieux pour se relooker pour l\u2019\u00e9t\u00e9 \u00e0 venir, et tout cela, sans casser son portefeuille. Lors de vos shoppings, dans les boutiques ou en ligne, vous trouverez <a href=\"https:\/\/www.webeev.fr\/classement\/vetements\">vos marques favorites<\/a> telles Zara, H&amp;M, Forever 21 et plein d\u2019autres \u00e0 prix brad\u00e9s.<\/p>\n<h2>Les dates pour soldes d&rsquo;\u00e9t\u00e9 2018<\/h2>\n<p>Les soldes d\u2019\u00e9t\u00e9 nationaux sont pr\u00e9vus pour le <strong>27 juin jusqu\u2019au 7 ao\u00fbt<\/strong> cette ann\u00e9e, dans les cas des ventes en magasin et celles \u00e0 distance, notamment en ligne. Actuellement, ces soldes durent pendant 5 \u00e0 6 semaines et les p\u00e9riodes destin\u00e9es aux soldes flottants sont supprim\u00e9es dans les programmes. Il existe \u00e9galement d\u2019autres nouvelles obligations adress\u00e9es aux commer\u00e7ants comme l\u2019affichage des prix en promotion. Pour des raisons particuli\u00e8res locales, les dates pour les soldes d\u2019\u00e9t\u00e9 connaissent quelques d\u00e9rogations cette ann\u00e9e et les braderies ne seront pas toutes effectu\u00e9es aux m\u00eames dates dans toutes les villes Fran\u00e7aises. De ce fait, il y a des soldes effectu\u00e9s un peu en avance comme ceux de la R\u00e9union (974) qui sont pr\u00e9vus pour le 3 f\u00e9vrier au 16 mars 2018. Pourtant, dans certaines r\u00e9gions, ces soldes sont programm\u00e9s avec un peu de retard comme dans les Alpes-Maritimes (06) et Pyr\u00e9n\u00e9es-Orientales(66), du 4 juillet au 14 ao\u00fbt 2018.<\/p>\n","protected":false},"excerpt":{"rendered":"<p>Depuis toujours, la France est consid\u00e9r\u00e9e comme le centre de la mode pour la raison que toutes les grandes marques s\u2019y trouvent. Pour satisfaire les amateurs de promos et de r\u00e9ductions, des soldes y sont organis\u00e9s en hiver et en \u00e9t\u00e9. Les soldes d&rsquo;\u00e9t\u00e9 2018 demeurent depuis longtemps la p\u00e9riode la plus attendue par les [&hellip;]<\/p>\n","protected":false},"author":1,"featured_media":2948,"comment_status":"open","ping_status":"open","sticky":false,"template":"","format":"standard","meta":[],"categories":[232,35],"tags":[291,246],"yoast_head":"<!-- This site is optimized with the Yoast SEO plugin v20.4 - https:\/\/yoast.com\/wordpress\/plugins\/seo\/ -->\n<title>Date des soldes d&#039;\u00e9t\u00e9 2018<\/title>\n<meta name=\"robots\" content=\"index, follow, max-snippet:-1, max-image-preview:large, max-video-preview:-1\" \/>\n<link rel=\"canonical\" href=\"https:\/\/www.webeev.fr\/top\/date-soldes-dete-2018\/\" \/>\n<meta property=\"og:locale\" content=\"fr_FR\" \/>\n<meta property=\"og:type\" content=\"article\" \/>\n<meta property=\"og:title\" content=\"Date des soldes d&#039;\u00e9t\u00e9 2018\" \/>\n<meta property=\"og:description\" content=\"Depuis toujours, la France est consid\u00e9r\u00e9e comme le centre de la mode pour la raison que toutes les grandes marques s\u2019y trouvent. Pour satisfaire les amateurs de promos et de r\u00e9ductions, des soldes y sont organis\u00e9s en hiver et en \u00e9t\u00e9. Les soldes d&rsquo;\u00e9t\u00e9 2018 demeurent depuis longtemps la p\u00e9riode la plus attendue par les [&hellip;]\" \/>\n<meta property=\"og:url\" content=\"https:\/\/www.webeev.fr\/top\/date-soldes-dete-2018\/\" \/>\n<meta property=\"og:site_name\" content=\"Le Top Webeev\" \/>\n<meta property=\"article:publisher\" content=\"https:\/\/www.facebook.com\/webeevfr\/\" \/>\n<meta property=\"article:author\" content=\"https:\/\/www.facebook.com\/profile.php?id=100004873097895\" \/>\n<meta property=\"article:published_time\" content=\"2018-02-21T09:09:18+00:00\" \/>\n<meta property=\"og:image\" content=\"https:\/\/www.webeev.fr\/top\/wp-content\/uploads\/2017\/06\/soldes.jpg\" \/>\n\t<meta property=\"og:image:width\" content=\"1366\" \/>\n\t<meta property=\"og:image:height\" content=\"768\" \/>\n\t<meta property=\"og:image:type\" content=\"image\/jpeg\" \/>\n<meta name=\"author\" content=\"Aur\u00e9lien\" \/>\n<meta name=\"twitter:card\" content=\"summary_large_image\" \/>\n<meta name=\"twitter:creator\" content=\"@https:\/\/twitter.com\/AurelienSacaze\" \/>\n<meta name=\"twitter:site\" content=\"@webeevfr\" \/>\n<meta name=\"twitter:label1\" content=\"\u00c9crit par\" \/>\n\t<meta name=\"twitter:data1\" content=\"Aur\u00e9lien\" \/>\n\t<meta name=\"twitter:label2\" content=\"Dur\u00e9e de lecture estim\u00e9e\" \/>\n\t<meta name=\"twitter:data2\" content=\"2 minutes\" \/>\n<script type=\"application\/ld+json\" class=\"yoast-schema-graph\">{\"@context\":\"https:\/\/schema.org\",\"@graph\":[{\"@type\":\"WebPage\",\"@id\":\"https:\/\/www.webeev.fr\/top\/date-soldes-dete-2018\/\",\"url\":\"https:\/\/www.webeev.fr\/top\/date-soldes-dete-2018\/\",\"name\":\"Date des soldes d'\u00e9t\u00e9 2018\",\"isPartOf\":{\"@id\":\"https:\/\/www.webeev.fr\/top\/#website\"},\"datePublished\":\"2018-02-21T09:09:18+00:00\",\"dateModified\":\"2018-02-21T09:09:18+00:00\",\"author\":{\"@id\":\"https:\/\/www.webeev.fr\/top\/#\/schema\/person\/b4da2dc82bd9bf7885fcb1dd2b16b267\"},\"breadcrumb\":{\"@id\":\"https:\/\/www.webeev.fr\/top\/date-soldes-dete-2018\/#breadcrumb\"},\"inLanguage\":\"fr-FR\",\"potentialAction\":[{\"@type\":\"ReadAction\",\"target\":[\"https:\/\/www.webeev.fr\/top\/date-soldes-dete-2018\/\"]}]},{\"@type\":\"BreadcrumbList\",\"@id\":\"https:\/\/www.webeev.fr\/top\/date-soldes-dete-2018\/#breadcrumb\",\"itemListElement\":[{\"@type\":\"ListItem\",\"position\":1,\"name\":\"Accueil\",\"item\":\"https:\/\/www.webeev.fr\/top\/\"},{\"@type\":\"ListItem\",\"position\":2,\"name\":\"Date des soldes d&rsquo;\u00e9t\u00e9 2018\"}]},{\"@type\":\"WebSite\",\"@id\":\"https:\/\/www.webeev.fr\/top\/#website\",\"url\":\"https:\/\/www.webeev.fr\/top\/\",\"name\":\"Le Top Webeev\",\"description\":\"Classement des meilleurs sites\",\"potentialAction\":[{\"@type\":\"SearchAction\",\"target\":{\"@type\":\"EntryPoint\",\"urlTemplate\":\"https:\/\/www.webeev.fr\/top\/?s={search_term_string}\"},\"query-input\":\"required name=search_term_string\"}],\"inLanguage\":\"fr-FR\"},{\"@type\":\"Person\",\"@id\":\"https:\/\/www.webeev.fr\/top\/#\/schema\/person\/b4da2dc82bd9bf7885fcb1dd2b16b267\",\"name\":\"Aur\u00e9lien\",\"image\":{\"@type\":\"ImageObject\",\"inLanguage\":\"fr-FR\",\"@id\":\"https:\/\/www.webeev.fr\/top\/#\/schema\/person\/image\/\",\"url\":\"https:\/\/secure.gravatar.com\/avatar\/fa744d2636fc27a05e0af5e42f8f490a?s=96&d=mm&r=g\",\"contentUrl\":\"https:\/\/secure.gravatar.com\/avatar\/fa744d2636fc27a05e0af5e42f8f490a?s=96&d=mm&r=g\",\"caption\":\"Aur\u00e9lien\"},\"description\":\"Passionn\u00e9 par le web et \u00e9diteur de sites, je vous pr\u00e9sente Webeev, un portail qui r\u00e9alise le classement des sites selon les avis clients. Ici cette partie blog traite plus en d\u00e9tail diff\u00e9rents sujets et l'actualit\u00e9 Tech &amp; web.\",\"sameAs\":[\"https:\/\/www.webeev.fr\/\",\"https:\/\/www.facebook.com\/profile.php?id=100004873097895\",\"https:\/\/www.linkedin.com\/in\/aurlien-sacaze-b6468684\",\"https:\/\/twitter.com\/https:\/\/twitter.com\/AurelienSacaze\"],\"url\":\"https:\/\/www.webeev.fr\/top\/author\/webeev\/\"}]}<\/script>\n<!-- \/ Yoast SEO plugin. -->","yoast_head_json":{"title":"Date des soldes d'\u00e9t\u00e9 2018","robots":{"index":"index","follow":"follow","max-snippet":"max-snippet:-1","max-image-preview":"max-image-preview:large","max-video-preview":"max-video-preview:-1"},"canonical":"https:\/\/www.webeev.fr\/top\/date-soldes-dete-2018\/","og_locale":"fr_FR","og_type":"article","og_title":"Date des soldes d'\u00e9t\u00e9 2018","og_description":"Depuis toujours, la France est consid\u00e9r\u00e9e comme le centre de la mode pour la raison que toutes les grandes marques s\u2019y trouvent. Pour satisfaire les amateurs de promos et de r\u00e9ductions, des soldes y sont organis\u00e9s en hiver et en \u00e9t\u00e9. Les soldes d&rsquo;\u00e9t\u00e9 2018 demeurent depuis longtemps la p\u00e9riode la plus attendue par les [&hellip;]","og_url":"https:\/\/www.webeev.fr\/top\/date-soldes-dete-2018\/","og_site_name":"Le Top Webeev","article_publisher":"https:\/\/www.facebook.com\/webeevfr\/","article_author":"https:\/\/www.facebook.com\/profile.php?id=100004873097895","article_published_time":"2018-02-21T09:09:18+00:00","og_image":[{"width":1366,"height":768,"url":"https:\/\/www.webeev.fr\/top\/wp-content\/uploads\/2017\/06\/soldes.jpg","type":"image\/jpeg"}],"author":"Aur\u00e9lien","twitter_card":"summary_large_image","twitter_creator":"@https:\/\/twitter.com\/AurelienSacaze","twitter_site":"@webeevfr","twitter_misc":{"\u00c9crit par":"Aur\u00e9lien","Dur\u00e9e de lecture estim\u00e9e":"2 minutes"},"schema":{"@context":"https:\/\/schema.org","@graph":[{"@type":"WebPage","@id":"https:\/\/www.webeev.fr\/top\/date-soldes-dete-2018\/","url":"https:\/\/www.webeev.fr\/top\/date-soldes-dete-2018\/","name":"Date des soldes d'\u00e9t\u00e9 2018","isPartOf":{"@id":"https:\/\/www.webeev.fr\/top\/#website"},"datePublished":"2018-02-21T09:09:18+00:00","dateModified":"2018-02-21T09:09:18+00:00","author":{"@id":"https:\/\/www.webeev.fr\/top\/#\/schema\/person\/b4da2dc82bd9bf7885fcb1dd2b16b267"},"breadcrumb":{"@id":"https:\/\/www.webeev.fr\/top\/date-soldes-dete-2018\/#breadcrumb"},"inLanguage":"fr-FR","potentialAction":[{"@type":"ReadAction","target":["https:\/\/www.webeev.fr\/top\/date-soldes-dete-2018\/"]}]},{"@type":"BreadcrumbList","@id":"https:\/\/www.webeev.fr\/top\/date-soldes-dete-2018\/#breadcrumb","itemListElement":[{"@type":"ListItem","position":1,"name":"Accueil","item":"https:\/\/www.webeev.fr\/top\/"},{"@type":"ListItem","position":2,"name":"Date des soldes d&rsquo;\u00e9t\u00e9 2018"}]},{"@type":"WebSite","@id":"https:\/\/www.webeev.fr\/top\/#website","url":"https:\/\/www.webeev.fr\/top\/","name":"Le Top Webeev","description":"Classement des meilleurs sites","potentialAction":[{"@type":"SearchAction","target":{"@type":"EntryPoint","urlTemplate":"https:\/\/www.webeev.fr\/top\/?s={search_term_string}"},"query-input":"required name=search_term_string"}],"inLanguage":"fr-FR"},{"@type":"Person","@id":"https:\/\/www.webeev.fr\/top\/#\/schema\/person\/b4da2dc82bd9bf7885fcb1dd2b16b267","name":"Aur\u00e9lien","image":{"@type":"ImageObject","inLanguage":"fr-FR","@id":"https:\/\/www.webeev.fr\/top\/#\/schema\/person\/image\/","url":"https:\/\/secure.gravatar.com\/avatar\/fa744d2636fc27a05e0af5e42f8f490a?s=96&d=mm&r=g","contentUrl":"https:\/\/secure.gravatar.com\/avatar\/fa744d2636fc27a05e0af5e42f8f490a?s=96&d=mm&r=g","caption":"Aur\u00e9lien"},"description":"Passionn\u00e9 par le web et \u00e9diteur de sites, je vous pr\u00e9sente Webeev, un portail qui r\u00e9alise le classement des sites selon les avis clients. Ici cette partie blog traite plus en d\u00e9tail diff\u00e9rents sujets et l'actualit\u00e9 Tech &amp; web.","sameAs":["https:\/\/www.webeev.fr\/","https:\/\/www.facebook.com\/profile.php?id=100004873097895","https:\/\/www.linkedin.com\/in\/aurlien-sacaze-b6468684","https:\/\/twitter.com\/https:\/\/twitter.com\/AurelienSacaze"],"url":"https:\/\/www.webeev.fr\/top\/author\/webeev\/"}]}},"_links":{"self":[{"href":"https:\/\/www.webeev.fr\/top\/wp-json\/wp\/v2\/posts\/3158"}],"collection":[{"href":"https:\/\/www.webeev.fr\/top\/wp-json\/wp\/v2\/posts"}],"about":[{"href":"https:\/\/www.webeev.fr\/top\/wp-json\/wp\/v2\/types\/post"}],"author":[{"embeddable":true,"href":"https:\/\/www.webeev.fr\/top\/wp-json\/wp\/v2\/users\/1"}],"replies":[{"embeddable":true,"href":"https:\/\/www.webeev.fr\/top\/wp-json\/wp\/v2\/comments?post=3158"}],"version-history":[{"count":1,"href":"https:\/\/www.webeev.fr\/top\/wp-json\/wp\/v2\/posts\/3158\/revisions"}],"predecessor-version":[{"id":3159,"href":"https:\/\/www.webeev.fr\/top\/wp-json\/wp\/v2\/posts\/3158\/revisions\/3159"}],"wp:featuredmedia":[{"embeddable":true,"href":"https:\/\/www.webeev.fr\/top\/wp-json\/wp\/v2\/media\/2948"}],"wp:attachment":[{"href":"https:\/\/www.webeev.fr\/top\/wp-json\/wp\/v2\/media?parent=3158"}],"wp:term":[{"taxonomy":"category","embeddable":true,"href":"https:\/\/www.webeev.fr\/top\/wp-json\/wp\/v2\/categories?post=3158"},{"taxonomy":"post_tag","embeddable":true,"href":"https:\/\/www.webeev.fr\/top\/wp-json\/wp\/v2\/tags?post=3158"}],"curies":[{"name":"wp","href":"https:\/\/api.w.org\/{rel}","templated":true}]}}