{"id":2831,"date":"2017-04-03T09:22:02","date_gmt":"2017-04-03T08:22:02","guid":{"rendered":"https:\/\/www.webeev.fr\/top\/?p=2831"},"modified":"2023-03-06T16:24:10","modified_gmt":"2023-03-06T15:24:10","slug":"effets-ecrans-sante-enfants","status":"publish","type":"post","link":"https:\/\/www.webeev.fr\/top\/effets-ecrans-sante-enfants\/","title":{"rendered":"Quels sont les effets des \u00e9crans sur la sant\u00e9 des enfants ?"},"content":{"rendered":"<p>D\u2019apr\u00e8s les r\u00e9sultats d\u2019une enqu\u00eate r\u00e9alis\u00e9e par Ipsos aupr\u00e8s de 4\u00a0700 jeunes de moins de 20 ans, les jeunes seraient nombreux \u00e0 \u00eatre orient\u00e9s High-tech. En effet, pas moins d\u2019un enfant sur trois dans la tranche d\u2019\u00e2ge de 7 \u00e0 12 ans poss\u00e9derait d\u00e9j\u00e0 sa propre tablette. Dans la tranche d\u2019\u00e2ge sup\u00e9rieure, 68% des 13 \u2013 19 ans sont \u00e9quip\u00e9s d\u2019un ordinateur et 81% d\u2019un smartphone. Des chiffres en progression chaque ann\u00e9e qui alarment certains professionnels de la sant\u00e9. Les effets des \u00e9crans sont-ils vraiment n\u00e9fastes au d\u00e9veloppement de l\u2019enfant\u00a0?<\/p>\n<p><img decoding=\"async\" loading=\"lazy\" class=\"aligncenter size-full wp-image-2833\" src=\"https:\/\/www.webeev.fr\/top\/wp-content\/uploads\/2017\/04\/sondage-enfant-technologie.jpg\" alt=\"Sondage sur l'\u00e9quipement high-tech des enfants\" width=\"600\" height=\"428\" srcset=\"https:\/\/www.webeev.fr\/top\/wp-content\/uploads\/2017\/04\/sondage-enfant-technologie.jpg 600w, https:\/\/www.webeev.fr\/top\/wp-content\/uploads\/2017\/04\/sondage-enfant-technologie-300x214.jpg 300w, https:\/\/www.webeev.fr\/top\/wp-content\/uploads\/2017\/04\/sondage-enfant-technologie-100x70.jpg 100w, https:\/\/www.webeev.fr\/top\/wp-content\/uploads\/2017\/04\/sondage-enfant-technologie-589x420.jpg 589w\" sizes=\"(max-width: 600px) 100vw, 600px\" \/><\/p>\n<h2>Les \u00e9crans\u00a0: multiples effets sur le d\u00e9veloppement de l\u2019enfant<\/h2>\n<p>Les dangers des \u00e9crans pour les jeunes sont nombreux et en partie sous-\u00e9valu\u00e9s par la plupart des parents. Les jeunes enfants acc\u00e8dent aux \u00e9crans de plus en plus pr\u00e9cocement. A cet \u00e2ge, les effets des \u00e9crans sur le cerveau peuvent \u00eatre n\u00e9fastes. Trop de temps pass\u00e9 devant un \u00e9cran peut induire (\u00e0 long terme) des probl\u00e8mes d\u2019alt\u00e9ration de la concentration.<\/p>\n<p>Le danger des \u00e9crans pour les yeux n\u2019est pas nouveau. On sait d\u00e9j\u00e0 que l\u2019image 3D (aussi bien au cin\u00e9ma que chez soi) fatigue plus rapidement les yeux qu\u2019un \u00e9cran 2D. Le probl\u00e8me intervient surtout chez les jeunes enfants\u00a0: le d\u00e9veloppement de leur syst\u00e8me oculaire n\u2019\u00e9tant pas fini, ce dernier reste fragile. Regarder un \u00e9cran 3D n\u2019a rien de naturel et cela peut poser probl\u00e8me \u00e0 long terme pour un jeune enfant\u00a0: ses yeux pourraient prendre de mauvais r\u00e9flexes.<\/p>\n<p>Les \u00e9crans non-interactifs tel que la t\u00e9l\u00e9vision, plongent l\u2019enfant dans une phase de passivit\u00e9 et peut entra\u00eener une forme de \u00ab\u00a0paresse intellectuelle\u00a0\u00bb. Ceci emp\u00eache le d\u00e9veloppement de son imagination comme il pourrait le faire en jouant avec des jouets par exemple.<\/p>\n<p>Concernant le t\u00e9l\u00e9phone portable, les jeunes sont de plus en plus nombreux \u00e0 en poss\u00e9der un. Il n\u2019est pas inutile de rappeler que les ondes peuvent \u00eatre n\u00e9fastes \u00e0 la sant\u00e9 (fragile) d\u2019un jeune enfant\u00a0: les fortes ondes qu\u2019il \u00e9met ainsi que le placement directement contre le corps (poche ou oreille) font de lui l\u2019appareil qui expose le plus aux radiofr\u00e9quences.<\/p>\n<p><em><a href=\"http:\/\/www.journaldunet.com\/solutions\/dsi\/1193350-un-enfant-sur-trois-entre-7-et-12-ans-est-equipe-d-une-tablette\/\" target=\"_blank\" rel=\"noopener\">Source du sondage<\/a><\/em><\/p>\n","protected":false},"excerpt":{"rendered":"<p>D\u2019apr\u00e8s les r\u00e9sultats d\u2019une enqu\u00eate r\u00e9alis\u00e9e par Ipsos aupr\u00e8s de 4\u00a0700 jeunes de moins de 20 ans, les jeunes seraient nombreux \u00e0 \u00eatre orient\u00e9s High-tech. En effet, pas moins d\u2019un enfant sur trois dans la tranche d\u2019\u00e2ge de 7 \u00e0 12 ans poss\u00e9derait d\u00e9j\u00e0 sa propre tablette. Dans la tranche d\u2019\u00e2ge sup\u00e9rieure, 68% des 13 [&hellip;]<\/p>\n","protected":false},"author":1,"featured_media":2832,"comment_status":"open","ping_status":"open","sticky":false,"template":"","format":"standard","meta":[],"categories":[30],"tags":[253],"yoast_head":"<!-- This site is optimized with the Yoast SEO plugin v20.4 - https:\/\/yoast.com\/wordpress\/plugins\/seo\/ -->\n<title>Quels sont les effets des \u00e9crans sur la sant\u00e9 des enfants ?<\/title>\n<meta name=\"description\" content=\"D\u2019apr\u00e8s les r\u00e9sultats d\u2019une enqu\u00eate, un enfant sur trois est \u00e9quip\u00e9 d&#039;une tablette tactile. D\u00e9couvrez quels sont les effets sur la sant\u00e9 ?\" \/>\n<meta name=\"robots\" content=\"index, follow, max-snippet:-1, max-image-preview:large, max-video-preview:-1\" \/>\n<link rel=\"canonical\" href=\"https:\/\/www.webeev.fr\/top\/effets-ecrans-sante-enfants\/\" \/>\n<meta property=\"og:locale\" content=\"fr_FR\" \/>\n<meta property=\"og:type\" content=\"article\" \/>\n<meta property=\"og:title\" content=\"Quels sont les effets des \u00e9crans sur la sant\u00e9 des enfants ?\" \/>\n<meta property=\"og:description\" content=\"D\u2019apr\u00e8s les r\u00e9sultats d\u2019une enqu\u00eate, un enfant sur trois est \u00e9quip\u00e9 d&#039;une tablette tactile. D\u00e9couvrez quels sont les effets sur la sant\u00e9 ?\" \/>\n<meta property=\"og:url\" content=\"https:\/\/www.webeev.fr\/top\/effets-ecrans-sante-enfants\/\" \/>\n<meta property=\"og:site_name\" content=\"Le Top Webeev\" \/>\n<meta property=\"article:publisher\" content=\"https:\/\/www.facebook.com\/webeevfr\/\" \/>\n<meta property=\"article:author\" content=\"https:\/\/www.facebook.com\/profile.php?id=100004873097895\" \/>\n<meta property=\"article:published_time\" content=\"2017-04-03T08:22:02+00:00\" \/>\n<meta property=\"article:modified_time\" content=\"2023-03-06T15:24:10+00:00\" \/>\n<meta property=\"og:image\" content=\"https:\/\/www.webeev.fr\/top\/wp-content\/uploads\/2017\/04\/enfant-ecran-ordinateur.jpg\" \/>\n\t<meta property=\"og:image:width\" content=\"1366\" \/>\n\t<meta property=\"og:image:height\" content=\"768\" \/>\n\t<meta property=\"og:image:type\" content=\"image\/jpeg\" \/>\n<meta name=\"author\" content=\"Aur\u00e9lien\" \/>\n<meta name=\"twitter:card\" content=\"summary_large_image\" \/>\n<meta name=\"twitter:creator\" content=\"@https:\/\/twitter.com\/AurelienSacaze\" \/>\n<meta name=\"twitter:site\" content=\"@webeevfr\" \/>\n<meta name=\"twitter:label1\" content=\"\u00c9crit par\" \/>\n\t<meta name=\"twitter:data1\" content=\"Aur\u00e9lien\" \/>\n\t<meta name=\"twitter:label2\" content=\"Dur\u00e9e de lecture estim\u00e9e\" \/>\n\t<meta name=\"twitter:data2\" content=\"2 minutes\" \/>\n<script type=\"application\/ld+json\" class=\"yoast-schema-graph\">{\"@context\":\"https:\/\/schema.org\",\"@graph\":[{\"@type\":\"WebPage\",\"@id\":\"https:\/\/www.webeev.fr\/top\/effets-ecrans-sante-enfants\/\",\"url\":\"https:\/\/www.webeev.fr\/top\/effets-ecrans-sante-enfants\/\",\"name\":\"Quels sont les effets des \u00e9crans sur la sant\u00e9 des enfants ?\",\"isPartOf\":{\"@id\":\"https:\/\/www.webeev.fr\/top\/#website\"},\"datePublished\":\"2017-04-03T08:22:02+00:00\",\"dateModified\":\"2023-03-06T15:24:10+00:00\",\"author\":{\"@id\":\"https:\/\/www.webeev.fr\/top\/#\/schema\/person\/b4da2dc82bd9bf7885fcb1dd2b16b267\"},\"description\":\"D\u2019apr\u00e8s les r\u00e9sultats d\u2019une enqu\u00eate, un enfant sur trois est \u00e9quip\u00e9 d'une tablette tactile. D\u00e9couvrez quels sont les effets sur la sant\u00e9 ?\",\"breadcrumb\":{\"@id\":\"https:\/\/www.webeev.fr\/top\/effets-ecrans-sante-enfants\/#breadcrumb\"},\"inLanguage\":\"fr-FR\",\"potentialAction\":[{\"@type\":\"ReadAction\",\"target\":[\"https:\/\/www.webeev.fr\/top\/effets-ecrans-sante-enfants\/\"]}]},{\"@type\":\"BreadcrumbList\",\"@id\":\"https:\/\/www.webeev.fr\/top\/effets-ecrans-sante-enfants\/#breadcrumb\",\"itemListElement\":[{\"@type\":\"ListItem\",\"position\":1,\"name\":\"Accueil\",\"item\":\"https:\/\/www.webeev.fr\/top\/\"},{\"@type\":\"ListItem\",\"position\":2,\"name\":\"Quels sont les effets des \u00e9crans sur la sant\u00e9 des enfants ?\"}]},{\"@type\":\"WebSite\",\"@id\":\"https:\/\/www.webeev.fr\/top\/#website\",\"url\":\"https:\/\/www.webeev.fr\/top\/\",\"name\":\"Le Top Webeev\",\"description\":\"Classement des meilleurs sites\",\"potentialAction\":[{\"@type\":\"SearchAction\",\"target\":{\"@type\":\"EntryPoint\",\"urlTemplate\":\"https:\/\/www.webeev.fr\/top\/?s={search_term_string}\"},\"query-input\":\"required name=search_term_string\"}],\"inLanguage\":\"fr-FR\"},{\"@type\":\"Person\",\"@id\":\"https:\/\/www.webeev.fr\/top\/#\/schema\/person\/b4da2dc82bd9bf7885fcb1dd2b16b267\",\"name\":\"Aur\u00e9lien\",\"image\":{\"@type\":\"ImageObject\",\"inLanguage\":\"fr-FR\",\"@id\":\"https:\/\/www.webeev.fr\/top\/#\/schema\/person\/image\/\",\"url\":\"https:\/\/secure.gravatar.com\/avatar\/fa744d2636fc27a05e0af5e42f8f490a?s=96&d=mm&r=g\",\"contentUrl\":\"https:\/\/secure.gravatar.com\/avatar\/fa744d2636fc27a05e0af5e42f8f490a?s=96&d=mm&r=g\",\"caption\":\"Aur\u00e9lien\"},\"description\":\"Passionn\u00e9 par le web et \u00e9diteur de sites, je vous pr\u00e9sente Webeev, un portail qui r\u00e9alise le classement des sites selon les avis clients. Ici cette partie blog traite plus en d\u00e9tail diff\u00e9rents sujets et l'actualit\u00e9 Tech &amp; web.\",\"sameAs\":[\"https:\/\/www.webeev.fr\/\",\"https:\/\/www.facebook.com\/profile.php?id=100004873097895\",\"https:\/\/www.linkedin.com\/in\/aurlien-sacaze-b6468684\",\"https:\/\/twitter.com\/https:\/\/twitter.com\/AurelienSacaze\"],\"url\":\"https:\/\/www.webeev.fr\/top\/author\/webeev\/\"}]}<\/script>\n<!-- \/ Yoast SEO plugin. -->","yoast_head_json":{"title":"Quels sont les effets des \u00e9crans sur la sant\u00e9 des enfants ?","description":"D\u2019apr\u00e8s les r\u00e9sultats d\u2019une enqu\u00eate, un enfant sur trois est \u00e9quip\u00e9 d'une tablette tactile. D\u00e9couvrez quels sont les effets sur la sant\u00e9 ?","robots":{"index":"index","follow":"follow","max-snippet":"max-snippet:-1","max-image-preview":"max-image-preview:large","max-video-preview":"max-video-preview:-1"},"canonical":"https:\/\/www.webeev.fr\/top\/effets-ecrans-sante-enfants\/","og_locale":"fr_FR","og_type":"article","og_title":"Quels sont les effets des \u00e9crans sur la sant\u00e9 des enfants ?","og_description":"D\u2019apr\u00e8s les r\u00e9sultats d\u2019une enqu\u00eate, un enfant sur trois est \u00e9quip\u00e9 d'une tablette tactile. D\u00e9couvrez quels sont les effets sur la sant\u00e9 ?","og_url":"https:\/\/www.webeev.fr\/top\/effets-ecrans-sante-enfants\/","og_site_name":"Le Top Webeev","article_publisher":"https:\/\/www.facebook.com\/webeevfr\/","article_author":"https:\/\/www.facebook.com\/profile.php?id=100004873097895","article_published_time":"2017-04-03T08:22:02+00:00","article_modified_time":"2023-03-06T15:24:10+00:00","og_image":[{"width":1366,"height":768,"url":"https:\/\/www.webeev.fr\/top\/wp-content\/uploads\/2017\/04\/enfant-ecran-ordinateur.jpg","type":"image\/jpeg"}],"author":"Aur\u00e9lien","twitter_card":"summary_large_image","twitter_creator":"@https:\/\/twitter.com\/AurelienSacaze","twitter_site":"@webeevfr","twitter_misc":{"\u00c9crit par":"Aur\u00e9lien","Dur\u00e9e de lecture estim\u00e9e":"2 minutes"},"schema":{"@context":"https:\/\/schema.org","@graph":[{"@type":"WebPage","@id":"https:\/\/www.webeev.fr\/top\/effets-ecrans-sante-enfants\/","url":"https:\/\/www.webeev.fr\/top\/effets-ecrans-sante-enfants\/","name":"Quels sont les effets des \u00e9crans sur la sant\u00e9 des enfants ?","isPartOf":{"@id":"https:\/\/www.webeev.fr\/top\/#website"},"datePublished":"2017-04-03T08:22:02+00:00","dateModified":"2023-03-06T15:24:10+00:00","author":{"@id":"https:\/\/www.webeev.fr\/top\/#\/schema\/person\/b4da2dc82bd9bf7885fcb1dd2b16b267"},"description":"D\u2019apr\u00e8s les r\u00e9sultats d\u2019une enqu\u00eate, un enfant sur trois est \u00e9quip\u00e9 d'une tablette tactile. D\u00e9couvrez quels sont les effets sur la sant\u00e9 ?","breadcrumb":{"@id":"https:\/\/www.webeev.fr\/top\/effets-ecrans-sante-enfants\/#breadcrumb"},"inLanguage":"fr-FR","potentialAction":[{"@type":"ReadAction","target":["https:\/\/www.webeev.fr\/top\/effets-ecrans-sante-enfants\/"]}]},{"@type":"BreadcrumbList","@id":"https:\/\/www.webeev.fr\/top\/effets-ecrans-sante-enfants\/#breadcrumb","itemListElement":[{"@type":"ListItem","position":1,"name":"Accueil","item":"https:\/\/www.webeev.fr\/top\/"},{"@type":"ListItem","position":2,"name":"Quels sont les effets des \u00e9crans sur la sant\u00e9 des enfants ?"}]},{"@type":"WebSite","@id":"https:\/\/www.webeev.fr\/top\/#website","url":"https:\/\/www.webeev.fr\/top\/","name":"Le Top Webeev","description":"Classement des meilleurs sites","potentialAction":[{"@type":"SearchAction","target":{"@type":"EntryPoint","urlTemplate":"https:\/\/www.webeev.fr\/top\/?s={search_term_string}"},"query-input":"required name=search_term_string"}],"inLanguage":"fr-FR"},{"@type":"Person","@id":"https:\/\/www.webeev.fr\/top\/#\/schema\/person\/b4da2dc82bd9bf7885fcb1dd2b16b267","name":"Aur\u00e9lien","image":{"@type":"ImageObject","inLanguage":"fr-FR","@id":"https:\/\/www.webeev.fr\/top\/#\/schema\/person\/image\/","url":"https:\/\/secure.gravatar.com\/avatar\/fa744d2636fc27a05e0af5e42f8f490a?s=96&d=mm&r=g","contentUrl":"https:\/\/secure.gravatar.com\/avatar\/fa744d2636fc27a05e0af5e42f8f490a?s=96&d=mm&r=g","caption":"Aur\u00e9lien"},"description":"Passionn\u00e9 par le web et \u00e9diteur de sites, je vous pr\u00e9sente Webeev, un portail qui r\u00e9alise le classement des sites selon les avis clients. Ici cette partie blog traite plus en d\u00e9tail diff\u00e9rents sujets et l'actualit\u00e9 Tech &amp; web.","sameAs":["https:\/\/www.webeev.fr\/","https:\/\/www.facebook.com\/profile.php?id=100004873097895","https:\/\/www.linkedin.com\/in\/aurlien-sacaze-b6468684","https:\/\/twitter.com\/https:\/\/twitter.com\/AurelienSacaze"],"url":"https:\/\/www.webeev.fr\/top\/author\/webeev\/"}]}},"_links":{"self":[{"href":"https:\/\/www.webeev.fr\/top\/wp-json\/wp\/v2\/posts\/2831"}],"collection":[{"href":"https:\/\/www.webeev.fr\/top\/wp-json\/wp\/v2\/posts"}],"about":[{"href":"https:\/\/www.webeev.fr\/top\/wp-json\/wp\/v2\/types\/post"}],"author":[{"embeddable":true,"href":"https:\/\/www.webeev.fr\/top\/wp-json\/wp\/v2\/users\/1"}],"replies":[{"embeddable":true,"href":"https:\/\/www.webeev.fr\/top\/wp-json\/wp\/v2\/comments?post=2831"}],"version-history":[{"count":3,"href":"https:\/\/www.webeev.fr\/top\/wp-json\/wp\/v2\/posts\/2831\/revisions"}],"predecessor-version":[{"id":4643,"href":"https:\/\/www.webeev.fr\/top\/wp-json\/wp\/v2\/posts\/2831\/revisions\/4643"}],"wp:featuredmedia":[{"embeddable":true,"href":"https:\/\/www.webeev.fr\/top\/wp-json\/wp\/v2\/media\/2832"}],"wp:attachment":[{"href":"https:\/\/www.webeev.fr\/top\/wp-json\/wp\/v2\/media?parent=2831"}],"wp:term":[{"taxonomy":"category","embeddable":true,"href":"https:\/\/www.webeev.fr\/top\/wp-json\/wp\/v2\/categories?post=2831"},{"taxonomy":"post_tag","embeddable":true,"href":"https:\/\/www.webeev.fr\/top\/wp-json\/wp\/v2\/tags?post=2831"}],"curies":[{"name":"wp","href":"https:\/\/api.w.org\/{rel}","templated":true}]}}